{"id":29927,"date":"2020-06-16T13:04:10","date_gmt":"2020-06-16T16:04:10","guid":{"rendered":"http:\/\/www.sincomam.org.br\/?p=29927"},"modified":"2020-06-16T13:14:02","modified_gmt":"2020-06-16T16:14:02","slug":"covid-19-mudancas-nos-conselhos-de-ccr-e-os-desinvestimentos-da-petrobras","status":"publish","type":"post","link":"https:\/\/www.sincomam.org.br\/index.php\/covid-19-mudancas-nos-conselhos-de-ccr-e-os-desinvestimentos-da-petrobras\/","title":{"rendered":"Covid-19: os desinvestimentos da Petrobras e as mudan\u00e7as financeiras nas maiores empresas do Pa\u00eds"},"content":{"rendered":"<p><strong><em>Embraer anuncia novo presidente da Avia\u00e7\u00e3o Comercial; JBS afasta funcion\u00e1rios; CCR tem novo presidente<\/em><\/strong><\/p>\n<p>A pandemia do novo coronav\u00edrus segue exigindo ajustes por parte das empresas. A Grendene precisou adiar por mais uma semana a retomada de suas opera\u00e7\u00f5es e a JBS precisou, a pedido da Justi\u00e7a do Trabalho, afastar todos os funcion\u00e1rios da unidade de Trindade do Sul (RS) para realiza\u00e7\u00e3o de testes da Covid-19.<\/p>\n<p>Fora da pandemia, a Petrobras deu in\u00edcio a mais uma onda de renegocia\u00e7\u00e3o com seus fornecedores. O objetivo de cortar ao menos US$ 2 bilh\u00f5es dos custos operacionais em 2020.<\/p>\n<p>Ap\u00f3s o fechamento dos mercados, a Oi publica o balan\u00e7o do primeiro trimestre e tamb\u00e9m ser\u00e1 conhecido o resultado da oferta de a\u00e7\u00f5es (\u201cfollow on\u201d) da Via Varejo.<\/p>\n<p><strong>Embraer<\/strong><\/p>\n<p>A \u00e1rea de Avia\u00e7\u00e3o Comercial est\u00e1 sendo reintegrada em processo de reestrutura\u00e7\u00e3o, diz a Embraer em comunicado por email. Meijer substituir\u00e1 John Slattery, com efeito imediato. A Embraer diz que Slattery assumir\u00e1 cargo em um dos principais parceiros da companhia na ind\u00fastria de avia\u00e7\u00e3o. A General Electric anunciou mais cedo Slattery como presidente e CEO.<\/p>\n<p><strong>JBS<\/strong><\/p>\n<p>A Covid-19 segue tendo impacto sobre as opera\u00e7\u00f5es das empresas. A Justi\u00e7a do Trabalho do Rio Grande do Sul determinou que a JBS afaste todos os funcion\u00e1rios diretos e terceirizados da unidade de Trindade do Sul (RS) por 14 dias para testes de Covid-19, segundo a ag\u00eancia Reuters.<\/p>\n<p>Pela decis\u00e3o, o afastamento \u00e9 v\u00e1lido a partir de 13 de junho e a JBS precisa manter a remunera\u00e7\u00e3o de todos os trabalhadores da unidade, sob pena de multa di\u00e1ria de R$ 25 mil. Com isso, as atividades foram suspensas na unidade durante o per\u00edodo.<\/p>\n<p>Em nota, a JBS afirmou que \u201cn\u00e3o comenta processos judiciais em andamento\u201d e reiterou que tem como objetivo priorit\u00e1rio a sa\u00fade de seus colaboradores. A empresa tamb\u00e9m apontou que desde o in\u00edcio da pandemia tem adotado um r\u00edgido protocolo de preven\u00e7\u00e3o contra a Covid-19 na sua unidade de Trindade do Sul (RS) e em todas as suas plantas no Brasil, conforme as orienta\u00e7\u00f5es dos \u00f3rg\u00e3os de sa\u00fade e protocolo do Minist\u00e9rio da Sa\u00fade, Economia e Agricultura.<\/p>\n<p><strong>CCR<\/strong><\/p>\n<p>A CCR anunciou que o Conselho de Administra\u00e7\u00e3o da empresa elegeu Marco Cauduro como novo presidente. A companhia informou ainda que Cauduro assume o cargo em 6 de julho. O executivo j\u00e1 ocupou o cargo de presidente -executivo da Log-in.<\/p>\n<p><strong>Bancos<\/strong><\/p>\n<p>O Goldman Sachs cortou de compra para neutra a recomenda\u00e7\u00e3o da a\u00e7\u00e3o e do ADR do Ita\u00fa Unibanco (ITUB4), ap\u00f3s ter elevado os pap\u00e9is em abril, enquanto rebaixou Santander Brasil (SANB11) de neutra a venda. Na sexta-feira, TRT da 15\u00ba Regi\u00e3o proferiu liminar determinando que os bancos testem todos os seus funcion\u00e1rios em ag\u00eancias para Covid-19.<\/p>\n<p><strong>Multiplan, BR Malls, Iguatemi e Cyrela <em>Commercial Properties<\/em> <\/strong><\/p>\n<p>A XP investimentos elevou de neutro para compra a recomenda\u00e7\u00e3o para as a\u00e7\u00f5es da Multiplan e rebaixou compra para neutro as da BRMalls. As movimenta\u00e7\u00f5es s\u00e3o as principais atualiza\u00e7\u00f5es do relat\u00f3rio que analisa o desempenho de shoppings e escrit\u00f3rios.<\/p>\n<p>As recomenda\u00e7\u00f5es de Iguatemi e Cyrela <em>Commercial Properties<\/em> (CCP) foram mantidas em compra.<\/p>\n<p>\u201cEm meio \u00e0s incertezas na esfera econ\u00f4mica, nos tornamos mais positivos com nomes que operam portf\u00f3lios mais defensivos, combinando maior exposi\u00e7\u00e3o a um p\u00fablico consumidor mais resiliente e de renda superior com \u00edndices de produtividades mais altos\u201d, afirmou, em relat\u00f3rio, a analista Bruna Pezzin.<\/p>\n<p>Dos pap\u00e9is, o de maior potencial de valoriza\u00e7\u00e3o \u00e9 o do Iguatemi, com pre\u00e7o-alvo de R$ 46. J\u00e1 o pre\u00e7o-alvo da CCP est\u00e1 em R$ 20 (potencial de 26%). No caso da Multiplan, o novo pre\u00e7o-alvo foi para R$ 27 (23%) e o da BR Malls est\u00e1 em R$ 13 (20%).<\/p>\n<p>A XP reconhece que a BR Malls tem feito esfor\u00e7os para otimizar o portf\u00f3lio de shoppings e aumentar a produtividade, mas ressaltou que \u201ca recupera\u00e7\u00e3o das vendas e da produtividade acontecer\u00e1 em um ritmo mais lento\u201d.<\/p>\n<p>Ainda entre as recomenda\u00e7\u00f5es, BRMalls e Iguatemi tiveram a\u00e7\u00f5es rebaixadas a manuten\u00e7\u00e3o pelo Santander, enquanto Aliansce Sonae foi iniciada como compra. A brMalls disse que retomou a opera\u00e7\u00e3o de mais sete shoppings do seu portf\u00f3lio, totalizando 20 centros comerciais reabertos.<\/p>\n<p>A administradora de shoppings anunciou que retomou as opera\u00e7\u00f5es, a partir desta segunda-feira, do Park Shopping S\u00e3oCaetano, em S\u00e3o Caetano (SP).\u00a0 O estabelecimento ter\u00e1 hor\u00e1rio de funcionamento reduzido.<\/p>\n<p>Por outro lado, a companhia suspendeu as opera\u00e7\u00f5es do Ribeir\u00e3o Shopping e Shopping Santa \u00darsula, em Ribeir\u00e3o Preto (SP, conforme determina\u00e7\u00e3o das autoridades locais e em meio ao aumento dos casos de coronav\u00edrus nessa regi\u00e3o do interior paulista.<\/p>\n<p>A administradora de shoppings anunciou que retomou as opera\u00e7\u00f5es, a partir desta segunda-feira, do Park Shopping S\u00e3oCaetano, em S\u00e3o Caetano (SP). O estabelecimento ter\u00e1 hor\u00e1rio de funcionamento reduzido.<\/p>\n<p>Por outro lado, a companhia suspendeu as opera\u00e7\u00f5es do Ribeir\u00e3o Shopping e Shopping Santa \u00darsula, em Ribeir\u00e3o Preto (SP, conforme determina\u00e7\u00e3o das autoridades locais e em meio ao aumento dos casos de coronav\u00edrus nessa regi\u00e3o do interior paulista.<\/p>\n<p><strong>Petrobras<\/strong><\/p>\n<p>A Petrobras informou o in\u00edcio da fase vinculante referente \u00e0 venda conjunta, com a Wobben Windpower Ind\u00fastria e Com\u00e9rcio Ltda (Wobben), da totalidade de suas a\u00e7\u00f5es (51% Wobben e 49% Petrobras) nas empresas E\u00f3lica Mangue Seco 3 \u2013 Geradora e Comercializadora de Energia El\u00e9trica S.A. (E\u00f3lica Mangue Seco 3) e E\u00f3lica Mangue Seco 4 \u2013 Geradora e Comercializadora de Energia El\u00e9trica S.A. (E\u00f3lica Mangue Seco 4), propriet\u00e1rias de usinas de gera\u00e7\u00e3o de energia e\u00f3lica.<\/p>\n<p>Os habilitados para a fase vinculante receber\u00e3o carta-convite com instru\u00e7\u00f5es detalhadas sobre o processo de desinvestimento, incluindo orienta\u00e7\u00f5es para a realiza\u00e7\u00e3o de due diligence e para o envio das propostas vinculantes.<\/p>\n<p>As E\u00f3licas Mangue Seco 3 e Mangue Seco 4 est\u00e3o localizadas em Guamar\u00e9, no Estado do Rio Grande do Norte, e fazem parte de um complexo de quatro parques e\u00f3licos (Mangue Seco 1, Mangue Seco 2, Mangue Seco 3 e Mangue Seco 4) com capacidade instalada total de 104 MW. As E\u00f3licas Mangue Seco 3 e Mangue Seco 4 det\u00eam e operam dois parques e\u00f3licos com capacidade total de 52 MW, 26 MW cada.<\/p>\n<p>A Petrobras ainda deu in\u00edcio a mais uma onda de renegocia\u00e7\u00e3o com seus fornecedores com o objetivo de cortar ao menos US$ 2 bilh\u00f5es dos custos operacionais em 2020, segundo reportagem do jornal \u201cValor Econ\u00f4mico\u201d.<\/p>\n<p>O processo de corte das despesas estava focado no adiamento dos pagamentos e antecipar o fim de contratos pr\u00f3ximos a vencer. Agora, a estatal prop\u00f5e suspender temporariamente alguns de seus contratos de afretamento de navios de apoio \u201coffshore\u201d. A empresa lida com os efeitos da queda do pre\u00e7o do petr\u00f3leo no mercado internacional.<\/p>\n<p><strong>Cogna <\/strong><\/p>\n<p>A Cogna informou que seu Conselho de Administra\u00e7\u00e3o recebeu a ren\u00fancia de Evando Jos\u00e9 Neiva ao cargo de membro e Presidente do Conselho de Administra\u00e7\u00e3oda Cogna. Ele permanece como membro do Comit\u00ea de Fundadores, \u00f3rg\u00e3o consultivo do Conselho de Administra\u00e7\u00e3o da Companhia. Nicolau Ferreira Chacurfoi eleito como Presidente do Conselho de Administra\u00e7\u00e3o e Rodrigo Calvo Galindo permanece como Vice-Presidente do Conselho de Administra\u00e7\u00e3o.<\/p>\n<p><strong>Grendene <\/strong><\/p>\n<p>A Grendene adiou mais uma vez a data para a reabertura de sua unidade em Sobral (CE). A previs\u00e3o \u00e9 que f\u00e1brica volte a operar em 22 de junho. A expectativa anterior era de que as opera\u00e7\u00f5es de produ\u00e7\u00e3o de cal\u00e7ados fossem retomadas nesta segunda-feira. A posterga\u00e7\u00e3o atende a um novo decreto da prefeitura, que tenta conter a expans\u00e3o do novo coronav\u00edrus na cidade.<\/p>\n<p><strong>Smiles <\/strong><\/p>\n<p>A Smiles informou que o Conselho de Administra\u00e7\u00e3o escolheu Hugo Reis de Assump\u00e7\u00e3o para o cargo de diretor financeiro da empresa. Assump\u00e7\u00e3o tem passagens por empresas como Accenture, Credicard e Citibank, entre outras. Com a escolha de Assump\u00e7\u00e3o, o presidente da Smiles, Andr\u00e9 Fehlauer, deixar\u00e1 de acumular o cargo de diretor financeiro.<\/p>\n<p>Fonte: InfoMoney<\/p>\n","protected":false},"excerpt":{"rendered":"<p>Embraer anuncia novo presidente da Avia\u00e7\u00e3o Comercial; JBS afasta funcion\u00e1rios; CCR tem novo presidente A pandemia do novo coronav\u00edrus segue exigindo ajustes por parte das&#8230;<\/p>\n","protected":false},"author":1182,"featured_media":28309,"comment_status":"closed","ping_status":"closed","sticky":false,"template":"","format":"standard","meta":{"footnotes":""},"categories":[6],"tags":[609,1630,3218,2752,2751,3216,1085,65,3214,562,3215,2755,58,3217],"class_list":["post-29927","post","type-post","status-publish","format-standard","has-post-thumbnail","hentry","category-noticias","tag-bancos","tag-ccr","tag-cogna","tag-coronavirus","tag-covid-19","tag-cyrela","tag-embraer","tag-empresas","tag-jbs","tag-mudanca","tag-multiplan","tag-pandemia","tag-petrobras","tag-smiles"],"_links":{"self":[{"href":"https:\/\/www.sincomam.org.br\/index.php\/wp-json\/wp\/v2\/posts\/29927","targetHints":{"allow":["GET"]}}],"collection":[{"href":"https:\/\/www.sincomam.org.br\/index.php\/wp-json\/wp\/v2\/posts"}],"about":[{"href":"https:\/\/www.sincomam.org.br\/index.php\/wp-json\/wp\/v2\/types\/post"}],"author":[{"embeddable":true,"href":"https:\/\/www.sincomam.org.br\/index.php\/wp-json\/wp\/v2\/users\/1182"}],"replies":[{"embeddable":true,"href":"https:\/\/www.sincomam.org.br\/index.php\/wp-json\/wp\/v2\/comments?post=29927"}],"version-history":[{"count":5,"href":"https:\/\/www.sincomam.org.br\/index.php\/wp-json\/wp\/v2\/posts\/29927\/revisions"}],"predecessor-version":[{"id":29932,"href":"https:\/\/www.sincomam.org.br\/index.php\/wp-json\/wp\/v2\/posts\/29927\/revisions\/29932"}],"wp:featuredmedia":[{"embeddable":true,"href":"https:\/\/www.sincomam.org.br\/index.php\/wp-json\/wp\/v2\/media\/28309"}],"wp:attachment":[{"href":"https:\/\/www.sincomam.org.br\/index.php\/wp-json\/wp\/v2\/media?parent=29927"}],"wp:term":[{"taxonomy":"category","embeddable":true,"href":"https:\/\/www.sincomam.org.br\/index.php\/wp-json\/wp\/v2\/categories?post=29927"},{"taxonomy":"post_tag","embeddable":true,"href":"https:\/\/www.sincomam.org.br\/index.php\/wp-json\/wp\/v2\/tags?post=29927"}],"curies":[{"name":"wp","href":"https:\/\/api.w.org\/{rel}","templated":true}]}}