{"id":29874,"date":"2020-06-16T10:41:48","date_gmt":"2020-06-16T13:41:48","guid":{"rendered":"http:\/\/www.sincomam.org.br\/?p=29874"},"modified":"2020-06-16T11:12:37","modified_gmt":"2020-06-16T14:12:37","slug":"incendio-atinge-refinaria-reduc-da-petrobras-no-rio-de-janeiro","status":"publish","type":"post","link":"https:\/\/www.sincomam.org.br\/index.php\/incendio-atinge-refinaria-reduc-da-petrobras-no-rio-de-janeiro\/","title":{"rendered":"Inc\u00eandio atinge refinaria Reduc da Petrobras no Rio de Janeiro"},"content":{"rendered":"<p><strong><em>Segundo a Estatal, equipes da brigada da refinaria Reduc extinguiram fogo em uma das unidades de destila\u00e7\u00e3o<\/em><\/strong><\/p>\n<p>A Petrobras informa que o inc\u00eandio ocorrido na Refinaria Duque de Caxias (Reduc), no Rio de Janeiro, foi controlado no final da tarde desta segunda-feira (15).<\/p>\n<p>O fogo come\u00e7ou no in\u00edcio da tarde e acionou o esquema de combate a inc\u00eandio da companhia. Funcion\u00e1rios da pr\u00f3pria empresa, especializados no combate \u00e0s chamas, atuaram rapidamente para apagar as labaredas, antes que elas se espalhassem para outros setores da refinaria.<\/p>\n<p>Em nota, a companhia disse que o inc\u00eandio n\u00e3o deixou v\u00edtimas e as outras unidades da refinaria seguem operando normalmente.<\/p>\n<p>&#8220;A Petrobras informa que equipes da brigada da Refinaria Duque de Caxias (Reduc) controlaram e extinguiram inc\u00eandio em uma das unidades de destila\u00e7\u00e3o da refinaria na tarde desta segunda-feira. N\u00e3o houve v\u00edtimas e as outras unidades da refinaria seguem operando normalmente. A ocorr\u00eancia foi causada por um vazamento em um equipamento que bombeia \u00f3leo combust\u00edvel. A brigada controlou o fogo rapidamente, extinguindo-o por completo em seguida. A unidade atingida foi parada de forma segura, seguindo os procedimentos operacionais. As equipes t\u00e9cnicas monitoram a \u00e1rea e as causas da ocorr\u00eancia ser\u00e3o analisadas\u201d.<\/p>\n<p><em>Com informa\u00e7\u00f5es da Petrobras \/<\/em> Foto: Ag\u00eancia Petrobras \/ Geraldo Falc\u00e3o\u00a0&#8211; Refinaria Duque de Caxias (REDUC)<\/p>\n","protected":false},"excerpt":{"rendered":"<p>Segundo a Estatal, equipes da brigada da refinaria Reduc extinguiram fogo em uma das unidades de destila\u00e7\u00e3o A Petrobras informa que o inc\u00eandio ocorrido na&#8230;<\/p>\n","protected":false},"author":1182,"featured_media":29880,"comment_status":"closed","ping_status":"closed","sticky":false,"template":"","format":"standard","meta":{"footnotes":""},"categories":[6],"tags":[115,58,1067,108,59,721],"class_list":["post-29874","post","type-post","status-publish","format-standard","has-post-thumbnail","hentry","category-noticias","tag-incendio","tag-petrobras","tag-reduc","tag-refinaria","tag-rio-de-janeiro","tag-vitimas"],"_links":{"self":[{"href":"https:\/\/www.sincomam.org.br\/index.php\/wp-json\/wp\/v2\/posts\/29874","targetHints":{"allow":["GET"]}}],"collection":[{"href":"https:\/\/www.sincomam.org.br\/index.php\/wp-json\/wp\/v2\/posts"}],"about":[{"href":"https:\/\/www.sincomam.org.br\/index.php\/wp-json\/wp\/v2\/types\/post"}],"author":[{"embeddable":true,"href":"https:\/\/www.sincomam.org.br\/index.php\/wp-json\/wp\/v2\/users\/1182"}],"replies":[{"embeddable":true,"href":"https:\/\/www.sincomam.org.br\/index.php\/wp-json\/wp\/v2\/comments?post=29874"}],"version-history":[{"count":1,"href":"https:\/\/www.sincomam.org.br\/index.php\/wp-json\/wp\/v2\/posts\/29874\/revisions"}],"predecessor-version":[{"id":29876,"href":"https:\/\/www.sincomam.org.br\/index.php\/wp-json\/wp\/v2\/posts\/29874\/revisions\/29876"}],"wp:featuredmedia":[{"embeddable":true,"href":"https:\/\/www.sincomam.org.br\/index.php\/wp-json\/wp\/v2\/media\/29880"}],"wp:attachment":[{"href":"https:\/\/www.sincomam.org.br\/index.php\/wp-json\/wp\/v2\/media?parent=29874"}],"wp:term":[{"taxonomy":"category","embeddable":true,"href":"https:\/\/www.sincomam.org.br\/index.php\/wp-json\/wp\/v2\/categories?post=29874"},{"taxonomy":"post_tag","embeddable":true,"href":"https:\/\/www.sincomam.org.br\/index.php\/wp-json\/wp\/v2\/tags?post=29874"}],"curies":[{"name":"wp","href":"https:\/\/api.w.org\/{rel}","templated":true}]}}