{"id":29851,"date":"2020-06-15T11:19:14","date_gmt":"2020-06-15T14:19:14","guid":{"rendered":"http:\/\/www.sincomam.org.br\/?p=29851"},"modified":"2020-06-15T11:19:14","modified_gmt":"2020-06-15T14:19:14","slug":"porto-do-acu-e-oil-group-fecham-parceria-para-implantacao-de-refinaria-modular","status":"publish","type":"post","link":"https:\/\/www.sincomam.org.br\/index.php\/porto-do-acu-e-oil-group-fecham-parceria-para-implantacao-de-refinaria-modular\/","title":{"rendered":"Porto do A\u00e7u e Oil Group fecham parceria para implanta\u00e7\u00e3o de refinaria modular"},"content":{"rendered":"<p><strong><em>Projeto ir\u00e1 complementar hub de \u00f3leo em desenvolvimento no empreendimento portu\u00e1rio<\/em><\/strong><\/p>\n<p>A Porto do A\u00e7u Opera\u00e7\u00f5es e a Oil Group Investimentos em Refinarias assinaram acordo para instala\u00e7\u00e3o de uma refinaria modular no empreendimento portu\u00e1rio, localizado em S\u00e3o Jo\u00e3o da Barra, no Norte Fluminense (RJ). Esta \u00e9 a primeira fase para a implanta\u00e7\u00e3o de uma refinaria modular de petr\u00f3leo no Norte Fluminense. O projeto, previsto para iniciar a opera\u00e7\u00e3o em 2024, ter\u00e1 capacidade de refinar 20 mil barris\/dia de \u00f3leo inicialmente, podendo expandir at\u00e9 50 mil barris\/dia, com foco na produ\u00e7\u00e3o de derivados claros.<\/p>\n<p>Os investimentos na implanta\u00e7\u00e3o da refinaria s\u00e3o da ordem de U$ 300 milh\u00f5es. De acordo com a Oil Group \u2013 que atua na explora\u00e7\u00e3o, produ\u00e7\u00e3o e refino de petr\u00f3leo \u2013, um dos principais diferenciais do A\u00e7u para implanta\u00e7\u00e3o da refinaria s\u00e3o a \u00e1rea dispon\u00edvel para a constru\u00e7\u00e3o do Projeto e o hub de \u00f3leo j\u00e1 em desenvolvimento, al\u00e9m da possibilidade do trabalho em sinergia com as empresas da cadeia offshore j\u00e1 instaladas.<\/p>\n<p>\u201cA expans\u00e3o do parque brasileiro de refino \u00e9 um investimento estrat\u00e9gico e urgente. H\u00e1 uma clara demanda por energia no Brasil, a ser atendida a partir do investimento em projetos inteligentes e inovadores, como este. O pa\u00eds deve dominar todo o processo industrial de petr\u00f3leo para n\u00e3o ficar sujeito a flutua\u00e7\u00f5es no mercado mundial e ref\u00e9m da disponibilidade de tais instala\u00e7\u00f5es em outros pa\u00edses. \u00c9 uma quest\u00e3o estrat\u00e9gica para o Brasil\u201d, afirma o diretor de Downstream da Oil Group, Luiz Ot\u00e1vio Massa.<\/p>\n<p>Para o A\u00e7u, a refinaria \u00e9 um importante marco para o desenvolvimento do distrito industrial e de toda a regi\u00e3o, al\u00e9m de contribuir para completar a cadeia de explora\u00e7\u00e3o de petr\u00f3leo, uma vez que o Porto j\u00e1 conta com opera\u00e7\u00f5es de transbordo e tem previs\u00e3o de tancagem em terra, o que otimiza o projeto de refino. Os produtos, que ser\u00e3o destinados principalmente ao mercado interno poder\u00e3o ser escoados por mar ou por terra, atrav\u00e9s de estruturas j\u00e1 consolidadas no empreendimento portu\u00e1rio.<\/p>\n<p>\u201cA atra\u00e7\u00e3o de uma refinaria \u00e9 fundamental para a fase de industrializa\u00e7\u00e3o do Porto do A\u00e7u. Al\u00e9m disso, entendemos que a instala\u00e7\u00e3o \u00e9 estrat\u00e9gica para o neg\u00f3cio por conta da localiza\u00e7\u00e3o geogr\u00e1fica. Estamos localizados no Sudeste, com acesso ao maior mercado consumidor brasileiro, e temos a melhor infraestrutura do pa\u00eds para viabilizar o transporte, mar\u00edtimo ou terrestre, aos grandes centros consumidores\u201d, explica Antonio Primo, diretor de Desenvolvimento de Neg\u00f3cios da Porto do A\u00e7u Opera\u00e7\u00f5es.<\/p>\n<p>A op\u00e7\u00e3o pelo modelo modular constru\u00eddo pela Oil Group \u00e9 justificada pela maior agilidade na constru\u00e7\u00e3o, efici\u00eancia operacional e, sobretudo, sustentabilidade \u2013 um dos pilares do Porto do A\u00e7u. A redu\u00e7\u00e3o de impacto ambiental deste modelo atende \u00e0s mais rigorosas legisla\u00e7\u00f5es deste \u00e2mbito nas fases de implanta\u00e7\u00e3o e opera\u00e7\u00e3o. A refinaria projetada prev\u00ea tamb\u00e9m uma Unidade de Recupera\u00e7\u00e3o de Enxofre de \u00faltima gera\u00e7\u00e3o para redu\u00e7\u00e3o de emiss\u00f5es de g\u00e1s carb\u00f4nico (CO2), \u00f3xido de enxofre (SOx) e \u00f3xido de nitrog\u00eanio (NOx).<\/p>\n<p>Fonte: Porto do A\u00e7u \/ Foto: divulga\u00e7\u00e3o<\/p>\n","protected":false},"excerpt":{"rendered":"<p>Projeto ir\u00e1 complementar hub de \u00f3leo em desenvolvimento no empreendimento portu\u00e1rio A Porto do A\u00e7u Opera\u00e7\u00f5es e a Oil Group Investimentos em Refinarias assinaram acordo&#8230;<\/p>\n","protected":false},"author":1182,"featured_media":29852,"comment_status":"closed","ping_status":"closed","sticky":false,"template":"","format":"standard","meta":{"footnotes":""},"categories":[6],"tags":[1225,1315,132,3203,3202,80,1026,367,108],"class_list":["post-29851","post","type-post","status-publish","format-standard","has-post-thumbnail","hentry","category-noticias","tag-acu","tag-desenvolvimento","tag-investimento","tag-modular","tag-oil-group","tag-porto","tag-portuario","tag-projeto","tag-refinaria"],"_links":{"self":[{"href":"https:\/\/www.sincomam.org.br\/index.php\/wp-json\/wp\/v2\/posts\/29851","targetHints":{"allow":["GET"]}}],"collection":[{"href":"https:\/\/www.sincomam.org.br\/index.php\/wp-json\/wp\/v2\/posts"}],"about":[{"href":"https:\/\/www.sincomam.org.br\/index.php\/wp-json\/wp\/v2\/types\/post"}],"author":[{"embeddable":true,"href":"https:\/\/www.sincomam.org.br\/index.php\/wp-json\/wp\/v2\/users\/1182"}],"replies":[{"embeddable":true,"href":"https:\/\/www.sincomam.org.br\/index.php\/wp-json\/wp\/v2\/comments?post=29851"}],"version-history":[{"count":1,"href":"https:\/\/www.sincomam.org.br\/index.php\/wp-json\/wp\/v2\/posts\/29851\/revisions"}],"predecessor-version":[{"id":29853,"href":"https:\/\/www.sincomam.org.br\/index.php\/wp-json\/wp\/v2\/posts\/29851\/revisions\/29853"}],"wp:featuredmedia":[{"embeddable":true,"href":"https:\/\/www.sincomam.org.br\/index.php\/wp-json\/wp\/v2\/media\/29852"}],"wp:attachment":[{"href":"https:\/\/www.sincomam.org.br\/index.php\/wp-json\/wp\/v2\/media?parent=29851"}],"wp:term":[{"taxonomy":"category","embeddable":true,"href":"https:\/\/www.sincomam.org.br\/index.php\/wp-json\/wp\/v2\/categories?post=29851"},{"taxonomy":"post_tag","embeddable":true,"href":"https:\/\/www.sincomam.org.br\/index.php\/wp-json\/wp\/v2\/tags?post=29851"}],"curies":[{"name":"wp","href":"https:\/\/api.w.org\/{rel}","templated":true}]}}