{"id":29848,"date":"2020-06-15T11:12:38","date_gmt":"2020-06-15T14:12:38","guid":{"rendered":"http:\/\/www.sincomam.org.br\/?p=29848"},"modified":"2020-06-15T11:12:38","modified_gmt":"2020-06-15T14:12:38","slug":"navio-militar-apreende-embarcacao-irregular-que-transportava-madeira-beneficiada","status":"publish","type":"post","link":"https:\/\/www.sincomam.org.br\/index.php\/navio-militar-apreende-embarcacao-irregular-que-transportava-madeira-beneficiada\/","title":{"rendered":"Navio militar apreende embarca\u00e7\u00e3o irregular que transportava madeira beneficiada"},"content":{"rendered":"<p><em><strong>Embarca\u00e7\u00e3o foi escoltada para o munic\u00edpio de S\u00e3o Sebasti\u00e3o da Boa Vista (PA)<\/strong><\/em><\/p>\n<p>O Minist\u00e9rio da Defesa comunica que o Comando Conjunto Marechal Soares de Andrea, por meio do navio de Patrulha Tucunar\u00e9, apreendeu uma embarca\u00e7\u00e3o que transportava madeira beneficiada, nas proximidades do munic\u00edpio de S\u00e3o Sebasti\u00e3o da Boa Vista, no Par\u00e1. Os militares constataram a falta dos documentos, aus\u00eancia do comandante e de pessoal habilitado, al\u00e9m de excesso de carga. No munic\u00edpio, foram apresentadas a carga e a tripula\u00e7\u00e3o para a Secretaria de Meio Ambiente e para a Pol\u00edcia Civil para as medidas administrativas e penais cab\u00edveis.<\/p>\n<p><strong>Apoio log\u00edstico<\/strong><\/p>\n<p>No Par\u00e1, o Comando Conjunto Marechal Soares de Andrea inspecionou e patrulhou estradas e rios. Os militares montaram postos de bloqueio e controle de estradas e apoio log\u00edstico \u00e0s a\u00e7\u00f5es de \u00f3rg\u00e3os de fiscaliza\u00e7\u00e3o. Foram revistadas 21 embarca\u00e7\u00f5es.<\/p>\n<p>J\u00e1 no Acre, Amazonas e em Rond\u00f4nia, o Comando Conjunto Pr\u00edncipe da Beira manteve as atividades de fiscaliza\u00e7\u00e3o de aer\u00f3dromo e ambiental interag\u00eancias, reconhecimento motorizado, inspe\u00e7\u00e3o e patrulha fluvial e terrestre. Tamb\u00e9m foram estabelecidos postos de bloqueio e controle fluviais e de estradas resultando na revista de ve\u00edculos, embarca\u00e7\u00f5es e aeronaves, al\u00e9m de apreens\u00f5es e aplica\u00e7\u00e3o de multas. Foram revistadas 38 viaturas, 47 embarca\u00e7\u00f5es e uma aeronave.<\/p>\n<p>Na \u00e1rea de atua\u00e7\u00e3o do Comando Conjunto Bar\u00e3o de Melga\u00e7o, em Mato Grosso, tamb\u00e9m ocorreram inspe\u00e7\u00f5es e patrulhas navais, terrestres e a\u00e9reas, fiscaliza\u00e7\u00e3o ambiental, instala\u00e7\u00e3o de postos de bloqueio e controle de estradas, al\u00e9m de reconhecimento a\u00e9reo. As a\u00e7\u00f5es resultaram na revista de 28 viaturas e na apreens\u00e3o de dois tratores e uma motosserra. A Secretaria de Estado de Meio Ambiente aplicou 105 termos de infra\u00e7\u00e3o, totalizando mais de R$ 50 milh\u00f5es em multas.<\/p>\n<p><strong>Opera\u00e7\u00e3o Verde Brasil 2<\/strong><\/p>\n<p>A Opera\u00e7\u00e3o Verde Brasil 2 \u00e9 coordenada pela Vice-Presid\u00eancia da Rep\u00fablica, em apoio aos \u00f3rg\u00e3os de controle ambiental e de seguran\u00e7a p\u00fablica. A miss\u00e3o deflagrada pelo Governo Federal, em 11 de maio de 2020, visa a\u00e7\u00f5es preventivas e repressivas contra delitos ambientais na Amaz\u00f4nia Legal.<\/p>\n<p>A determina\u00e7\u00e3o presidencial para emprego das For\u00e7as Armadas em Garantia da Lei e da Ordem (GLO) foi publicada no Di\u00e1rio Oficial da Uni\u00e3o por meio do Decreto n\u00b0 10.341, de 6 de maio de 2020. Em 10 de junho, a GLO foi renovada at\u00e9 10 de julho, por meio do decreto 10.394.<\/p>\n<p>Para cumprir a determina\u00e7\u00e3o presidencial, o Minist\u00e9rio da Defesa ativou tr\u00eas Comandos Conjuntos. S\u00e3o eles: Comando Conjunto Pr\u00edncipe da Beira (CCj PB), em Porto Velho (RO); Comando Conjunto Bar\u00e3o de Melga\u00e7o (CCj BM), em Cuiab\u00e1 (MT); e Comando Conjunto Marechal Soares de Andrea (CCj MSA), em Bel\u00e9m (PA).<\/p>\n<p>Fonte: Minist\u00e9rio da Defesa \/ Foto: divulga\u00e7\u00e3o For\u00e7as Armadas<\/p>\n","protected":false},"excerpt":{"rendered":"<p>Embarca\u00e7\u00e3o foi escoltada para o munic\u00edpio de S\u00e3o Sebasti\u00e3o da Boa Vista (PA) O Minist\u00e9rio da Defesa comunica que o Comando Conjunto Marechal Soares de&#8230;<\/p>\n","protected":false},"author":1182,"featured_media":29849,"comment_status":"closed","ping_status":"closed","sticky":false,"template":"","format":"standard","meta":{"footnotes":""},"categories":[6],"tags":[548,322,352,231,3200,492,47,377,513,3201],"class_list":["post-29848","post","type-post","status-publish","format-standard","has-post-thumbnail","hentry","category-noticias","tag-apreensao","tag-carga","tag-embarcacao","tag-fiscalizacao","tag-ilegal","tag-militar","tag-navio","tag-operacao","tag-para","tag-verde-brasil"],"_links":{"self":[{"href":"https:\/\/www.sincomam.org.br\/index.php\/wp-json\/wp\/v2\/posts\/29848","targetHints":{"allow":["GET"]}}],"collection":[{"href":"https:\/\/www.sincomam.org.br\/index.php\/wp-json\/wp\/v2\/posts"}],"about":[{"href":"https:\/\/www.sincomam.org.br\/index.php\/wp-json\/wp\/v2\/types\/post"}],"author":[{"embeddable":true,"href":"https:\/\/www.sincomam.org.br\/index.php\/wp-json\/wp\/v2\/users\/1182"}],"replies":[{"embeddable":true,"href":"https:\/\/www.sincomam.org.br\/index.php\/wp-json\/wp\/v2\/comments?post=29848"}],"version-history":[{"count":1,"href":"https:\/\/www.sincomam.org.br\/index.php\/wp-json\/wp\/v2\/posts\/29848\/revisions"}],"predecessor-version":[{"id":29850,"href":"https:\/\/www.sincomam.org.br\/index.php\/wp-json\/wp\/v2\/posts\/29848\/revisions\/29850"}],"wp:featuredmedia":[{"embeddable":true,"href":"https:\/\/www.sincomam.org.br\/index.php\/wp-json\/wp\/v2\/media\/29849"}],"wp:attachment":[{"href":"https:\/\/www.sincomam.org.br\/index.php\/wp-json\/wp\/v2\/media?parent=29848"}],"wp:term":[{"taxonomy":"category","embeddable":true,"href":"https:\/\/www.sincomam.org.br\/index.php\/wp-json\/wp\/v2\/categories?post=29848"},{"taxonomy":"post_tag","embeddable":true,"href":"https:\/\/www.sincomam.org.br\/index.php\/wp-json\/wp\/v2\/tags?post=29848"}],"curies":[{"name":"wp","href":"https:\/\/api.w.org\/{rel}","templated":true}]}}