{"id":29846,"date":"2020-06-15T10:42:05","date_gmt":"2020-06-15T13:42:05","guid":{"rendered":"http:\/\/www.sincomam.org.br\/?p=29846"},"modified":"2020-07-27T10:19:24","modified_gmt":"2020-07-27T13:19:24","slug":"fgts-calendario-do-saque-emergencial-vai-de-junho-ate-novembro","status":"publish","type":"post","link":"https:\/\/www.sincomam.org.br\/index.php\/fgts-calendario-do-saque-emergencial-vai-de-junho-ate-novembro\/","title":{"rendered":"FGTS: calend\u00e1rio do saque emergencial vai de junho at\u00e9 novembro"},"content":{"rendered":"<p><strong><em>No pa\u00eds, 60 milh\u00f5es de pessoas receber\u00e3o at\u00e9 R$ 1.045, informa a Caixa<\/em><\/strong><\/p>\n<p>O pagamento do saque emergencial do Fundo de Garantia do Tempo de Servi\u00e7o (FGTS) come\u00e7ar\u00e1 no fim de junho e ir\u00e1 at\u00e9 o meio de novembro. As datas ser\u00e3o organizadas de acordo com o m\u00eas de nascimento dos beneficiados. De acordo com a estimativa da Caixa, 60 milh\u00f5es de pessoas receber\u00e3o, cada uma, R$ 1.045 em todo o pa\u00eds.<\/p>\n<p>O cronograma foi anunciado no s\u00e1bado (13) em entrevista coletiva virtual concedida pelo presidente do banco, Pedro Guimar\u00e3es. O an\u00fancio havia sido feito em abril pele equipe econ\u00f4mica do governo federal. As datas de pegamento avan\u00e7am conforme o m\u00eas de nascimento do benefici\u00e1rio. Os saques poder\u00e3o ser feitos em postos de autoatendimento da Caixa e em lot\u00e9ricas. Tamb\u00e9m ser\u00e1 poss\u00edvel realizar transfer\u00eancias para outras contas da Caixa ou de outros bancos.<\/p>\n<p>O cr\u00e9dito ser\u00e1 encaminhado a contas da Caixa que ser\u00e3o abertas para pessoas e podem ser acessadas pelo app CaixaTem. Com essa ferramenta, a pessoa n\u00e3o poder\u00e1 sacar imediatamente ou fazer transfer\u00eancia, podendo pagar contas, realizar compras pela internet e efetuar pagamentos em at\u00e9 9 milh\u00f5es de estabelecimentos utilizando a tecnologia de QR Code.<\/p>\n<p><strong>Quem tem direito<\/strong><\/p>\n<p>Todos com saldo de FGTS t\u00eam direito ao benef\u00edcio. Contudo, h\u00e1 um limite para o saque. Se a pessoa tem menos do que R$ 1045 de saldo, poder\u00e1 apenas retirar o que estiver na sua conta. Quem n\u00e3o desejar receber o recurso deve notificar este desejo por meio do App do FGTS, at\u00e9 10 dias antes do cr\u00e9dito. Se o correntista n\u00e3o fizer nada e n\u00e3o mexer no dinheiro, ele ser\u00e1 devolvido \u00e0 conta do FGTS ap\u00f3s o fim de novembro.<\/p>\n<p>A conta poupan\u00e7a digital aberta n\u00e3o envolve a cobran\u00e7a de tarifa. Mas a movimenta\u00e7\u00e3o nela tem o limite de at\u00e9 R$ 5 mil. No total, ser\u00e3o movimentados R$ 37,8 bilh\u00f5es na disponibiliza\u00e7\u00e3o dos recursos para o saque emergencial.<\/p>\n<p><strong>Confira o calend\u00e1rio para cr\u00e9dito em conta<\/strong><\/p>\n<table width=\"0\">\n<tbody>\n<tr>\n<td><strong>M\u00eas de anivers\u00e1rio<\/strong><\/td>\n<td><strong>Data do dep\u00f3sito<\/strong><\/td>\n<\/tr>\n<tr>\n<td>Janeiro<\/td>\n<td>\u00a029\/06<\/td>\n<\/tr>\n<tr>\n<td>Fevereiro<\/td>\n<td>\u00a006\/07<\/td>\n<\/tr>\n<tr>\n<td>Mar\u00e7o<\/td>\n<td>\u00a013\/07<\/td>\n<\/tr>\n<tr>\n<td>Abril<\/td>\n<td>\u00a020\/07<\/td>\n<\/tr>\n<tr>\n<td>Maio<\/td>\n<td>\u00a027\/07<\/td>\n<\/tr>\n<tr>\n<td>Junho<\/td>\n<td>\u00a003\/08<\/td>\n<\/tr>\n<tr>\n<td>Julho<\/td>\n<td>\u00a010\/08<\/td>\n<\/tr>\n<tr>\n<td>Agosto<\/td>\n<td>\u00a024\/08<\/td>\n<\/tr>\n<tr>\n<td>Setembro<\/td>\n<td>\u00a031\/08<\/td>\n<\/tr>\n<tr>\n<td>Outubro<\/td>\n<td>\u00a008\/09<\/td>\n<\/tr>\n<tr>\n<td>Novembro<\/td>\n<td>\u00a014\/09<\/td>\n<\/tr>\n<tr>\n<td>Dezembro<\/td>\n<td>\u00a021\/09<\/td>\n<\/tr>\n<\/tbody>\n<\/table>\n<p><strong>Calend\u00e1rio dispon\u00edvel para saques e transfer\u00eancias<\/strong><\/p>\n<table width=\"0\">\n<tbody>\n<tr>\n<td><strong>M\u00eas de anivers\u00e1rio<\/strong><\/td>\n<td><strong>Data da libera\u00e7\u00e3o<\/strong><\/td>\n<\/tr>\n<tr>\n<td>Janeiro<\/td>\n<td>\u00a025\/07<\/td>\n<\/tr>\n<tr>\n<td>Fevereiro<\/td>\n<td>\u00a008\/08<\/td>\n<\/tr>\n<tr>\n<td>Mar\u00e7o<\/td>\n<td>\u00a022\/08<\/td>\n<\/tr>\n<tr>\n<td>Abril<\/td>\n<td>\u00a005\/09<\/td>\n<\/tr>\n<tr>\n<td>Maio<\/td>\n<td>\u00a019\/09<\/td>\n<\/tr>\n<tr>\n<td>Junho<\/td>\n<td>\u00a003\/10<\/td>\n<\/tr>\n<tr>\n<td>Julho<\/td>\n<td>\u00a017\/10<\/td>\n<\/tr>\n<tr>\n<td>Agosto<\/td>\n<td>\u00a017\/10<\/td>\n<\/tr>\n<tr>\n<td>Setembro<\/td>\n<td>\u00a031\/10<\/td>\n<\/tr>\n<tr>\n<td>Outubro<\/td>\n<td>\u00a031\/10<\/td>\n<\/tr>\n<tr>\n<td>Novembro<\/td>\n<td>\u00a014\/11<\/td>\n<\/tr>\n<tr>\n<td>Dezembro<\/td>\n<td>\u00a014\/11<\/td>\n<\/tr>\n<\/tbody>\n<\/table>\n<p>Fonte: Ag\u00eancia Brasil<\/p>\n","protected":false},"excerpt":{"rendered":"<p>No pa\u00eds, 60 milh\u00f5es de pessoas receber\u00e3o at\u00e9 R$ 1.045, informa a Caixa O pagamento do saque emergencial do Fundo de Garantia do Tempo de&#8230;<\/p>\n","protected":false},"author":1182,"featured_media":4097,"comment_status":"closed","ping_status":"closed","sticky":false,"template":"","format":"standard","meta":{"footnotes":""},"categories":[6],"tags":[3198,390,2817,425,2752,2857,2782,432,391,3000,3199,3197,204,168,696],"class_list":["post-29846","post","type-post","status-publish","format-standard","has-post-thumbnail","hentry","category-noticias","tag-beneficiados","tag-caixa","tag-calendario","tag-conta","tag-coronavirus","tag-credito","tag-datas","tag-emergencial","tag-fgts","tag-junho","tag-loterica","tag-novembro","tag-pagamento","tag-processo","tag-saque"],"_links":{"self":[{"href":"https:\/\/www.sincomam.org.br\/index.php\/wp-json\/wp\/v2\/posts\/29846","targetHints":{"allow":["GET"]}}],"collection":[{"href":"https:\/\/www.sincomam.org.br\/index.php\/wp-json\/wp\/v2\/posts"}],"about":[{"href":"https:\/\/www.sincomam.org.br\/index.php\/wp-json\/wp\/v2\/types\/post"}],"author":[{"embeddable":true,"href":"https:\/\/www.sincomam.org.br\/index.php\/wp-json\/wp\/v2\/users\/1182"}],"replies":[{"embeddable":true,"href":"https:\/\/www.sincomam.org.br\/index.php\/wp-json\/wp\/v2\/comments?post=29846"}],"version-history":[{"count":4,"href":"https:\/\/www.sincomam.org.br\/index.php\/wp-json\/wp\/v2\/posts\/29846\/revisions"}],"predecessor-version":[{"id":30703,"href":"https:\/\/www.sincomam.org.br\/index.php\/wp-json\/wp\/v2\/posts\/29846\/revisions\/30703"}],"wp:featuredmedia":[{"embeddable":true,"href":"https:\/\/www.sincomam.org.br\/index.php\/wp-json\/wp\/v2\/media\/4097"}],"wp:attachment":[{"href":"https:\/\/www.sincomam.org.br\/index.php\/wp-json\/wp\/v2\/media?parent=29846"}],"wp:term":[{"taxonomy":"category","embeddable":true,"href":"https:\/\/www.sincomam.org.br\/index.php\/wp-json\/wp\/v2\/categories?post=29846"},{"taxonomy":"post_tag","embeddable":true,"href":"https:\/\/www.sincomam.org.br\/index.php\/wp-json\/wp\/v2\/tags?post=29846"}],"curies":[{"name":"wp","href":"https:\/\/api.w.org\/{rel}","templated":true}]}}