{"id":29838,"date":"2020-06-12T13:12:58","date_gmt":"2020-06-12T16:12:58","guid":{"rendered":"http:\/\/www.sincomam.org.br\/?p=29838"},"modified":"2020-06-12T13:14:40","modified_gmt":"2020-06-12T16:14:40","slug":"sancionada-a-lei-do-salario-minimo-2020","status":"publish","type":"post","link":"https:\/\/www.sincomam.org.br\/index.php\/sancionada-a-lei-do-salario-minimo-2020\/","title":{"rendered":"Sancionada a lei do sal\u00e1rio-m\u00ednimo 2020"},"content":{"rendered":"<p><strong><em>Valor de R$ 1.045 est\u00e1 em vigor desde 1\u00ba de fevereiro<\/em><\/strong><\/p>\n<p>O presidente Jair Bolsonaro sancionou a lei que estabelece o valor do sal\u00e1rio-m\u00ednimo para 2020, de R$ 1.039 em janeiro e de R$ 1.045 a partir de 1\u00ba de fevereiro.<\/p>\n<p>A lei foi publicada hoje (12) no Di\u00e1rio Oficial da Uni\u00e3o, mas os valores j\u00e1 estavam em vigor desde a edi\u00e7\u00e3o de medidas provis\u00f3rias (MPs), que necessitaram de aprova\u00e7\u00e3o do Congresso Nacional.<\/p>\n<p>No final do ano passado, o governo editou a MP n\u00ba 916\/2019, com reajuste de 4,1% no m\u00ednimo, que passou de R$ 998 para R$ 1.039. O valor correspondia \u00e0 estimativa do mercado financeiro para a infla\u00e7\u00e3o de 2019, segundo o \u00cdndice Nacional do Pre\u00e7os ao Consumidor (INPC), calculado pelo Instituto Brasileiro de Geografia e Estat\u00edstica (IBGE).<\/p>\n<p>Por\u00e9m, o valor do INPC acabou fechando o ano com alta superior, de 4,48%, e, com isso, deixou o novo valor do m\u00ednimo abaixo da infla\u00e7\u00e3o. Por lei, esse \u00e9 o \u00edndice usado para o reajuste do sal\u00e1rio-m\u00ednimo, embora a infla\u00e7\u00e3o oficial seja a medida pelo \u00cdndice Nacional de Pre\u00e7os ao Consumidor Amplo (IPCA), que fechou o ano de 2019 em 4,31%.<\/p>\n<p>Assim, o governo editou a MP n\u00ba 919\/2020, com o valor de R$ 1.045 para o sal\u00e1rio-m\u00ednimo, a ser aplicado partir de fevereiro.<\/p>\n<p>At\u00e9 o ano passado, a pol\u00edtica de reajuste do sal\u00e1rio-m\u00ednimo, aprovada em lei, previa uma corre\u00e7\u00e3o pela infla\u00e7\u00e3o mais a varia\u00e7\u00e3o do Produto Interno Bruto (PIB, soma dos bens e servi\u00e7os produzidos no pa\u00eds). Esse modelo vigorou entre 2011 e 2019. Por\u00e9m, nem sempre houve aumento real nesse per\u00edodo porque o PIB do pa\u00eds, em 2015 e 2016, registrou retra\u00e7\u00e3o, com queda de 7% no acumulado desses dois anos.<\/p>\n<p>A expectativa \u00e9 que o governo apresente um projeto de lei com a nova pol\u00edtica de corre\u00e7\u00e3o do sal\u00e1rio-m\u00ednimo. Em janeiro, antes da pandemia de covid-19, o secret\u00e1rio especial de Fazenda do Minist\u00e9rio da Economia, Waldery Rodrigues, disse que tal projeto incluir\u00e1 uma mudan\u00e7a no per\u00edodo usado para definir os reajustes para evitar situa\u00e7\u00f5es como a deste ano. Em vez do INPC do ano anterior fechado, de janeiro a dezembro, o governo pretende usar o \u00edndice entre dezembro do ano anterior e novembro do exerc\u00edcio atual para calcular o valor do m\u00ednimo para 2021.<\/p>\n<p>Fonte: Ag\u00eancia Brasil<\/p>\n","protected":false},"excerpt":{"rendered":"<p>Valor de R$ 1.045 est\u00e1 em vigor desde 1\u00ba de fevereiro O presidente Jair Bolsonaro sancionou a lei que estabelece o valor do sal\u00e1rio-m\u00ednimo para&#8230;<\/p>\n","protected":false},"author":1182,"featured_media":17827,"comment_status":"closed","ping_status":"closed","sticky":false,"template":"","format":"standard","meta":{"footnotes":""},"categories":[6],"tags":[405,3196,1001,957,1700],"class_list":["post-29838","post","type-post","status-publish","format-standard","has-post-thumbnail","hentry","category-noticias","tag-aumento","tag-bolsonaro","tag-lei","tag-salario-minimo","tag-sanciona"],"_links":{"self":[{"href":"https:\/\/www.sincomam.org.br\/index.php\/wp-json\/wp\/v2\/posts\/29838","targetHints":{"allow":["GET"]}}],"collection":[{"href":"https:\/\/www.sincomam.org.br\/index.php\/wp-json\/wp\/v2\/posts"}],"about":[{"href":"https:\/\/www.sincomam.org.br\/index.php\/wp-json\/wp\/v2\/types\/post"}],"author":[{"embeddable":true,"href":"https:\/\/www.sincomam.org.br\/index.php\/wp-json\/wp\/v2\/users\/1182"}],"replies":[{"embeddable":true,"href":"https:\/\/www.sincomam.org.br\/index.php\/wp-json\/wp\/v2\/comments?post=29838"}],"version-history":[{"count":1,"href":"https:\/\/www.sincomam.org.br\/index.php\/wp-json\/wp\/v2\/posts\/29838\/revisions"}],"predecessor-version":[{"id":29839,"href":"https:\/\/www.sincomam.org.br\/index.php\/wp-json\/wp\/v2\/posts\/29838\/revisions\/29839"}],"wp:featuredmedia":[{"embeddable":true,"href":"https:\/\/www.sincomam.org.br\/index.php\/wp-json\/wp\/v2\/media\/17827"}],"wp:attachment":[{"href":"https:\/\/www.sincomam.org.br\/index.php\/wp-json\/wp\/v2\/media?parent=29838"}],"wp:term":[{"taxonomy":"category","embeddable":true,"href":"https:\/\/www.sincomam.org.br\/index.php\/wp-json\/wp\/v2\/categories?post=29838"},{"taxonomy":"post_tag","embeddable":true,"href":"https:\/\/www.sincomam.org.br\/index.php\/wp-json\/wp\/v2\/tags?post=29838"}],"curies":[{"name":"wp","href":"https:\/\/api.w.org\/{rel}","templated":true}]}}