{"id":29835,"date":"2020-06-12T12:58:31","date_gmt":"2020-06-12T15:58:31","guid":{"rendered":"http:\/\/www.sincomam.org.br\/?p=29835"},"modified":"2020-06-12T12:58:31","modified_gmt":"2020-06-12T15:58:31","slug":"marinha-do-brasil-celebra-a-batalha-naval-do-riachuelo","status":"publish","type":"post","link":"https:\/\/www.sincomam.org.br\/index.php\/marinha-do-brasil-celebra-a-batalha-naval-do-riachuelo\/","title":{"rendered":"Marinha do Brasil celebra a Batalha Naval do Riachuelo"},"content":{"rendered":"<p><strong><em>Data Magna da Marinha relembra feitos hist\u00f3ricos e atua\u00e7\u00e3o no presente<\/em><\/strong><\/p>\n<p>Nesta quinta-feira (11\/6) foi comemorado o 155\u00ba anivers\u00e1rio da For\u00e7a Naval. \u00c9 a Data Magna da Marinha. A data tamb\u00e9m presta homenagem aos cerca de 79 mil mulheres e homens que atuam em mais de 200 organiza\u00e7\u00f5es militares espalhadas por todo o Brasil \u201cprotegendo nossas riquezas e cuidando da nossa gente\u201d. S\u00e3o militares que tomaram para si a tarefa de garantir a soberania da Amaz\u00f4nia Azul, \u00e1rea de 3,5 milh\u00f5es de quil\u00f4metros quadrados.<\/p>\n<p>Os militares herdaram a garra e a bravura dos marinheiros e fuzileiros navais, comandados pelo Almirante Barroso na Batalha Naval do Riachuelo. O combate ocorreu durante a Guerra da Tr\u00edplice Alian\u00e7a, entre os anos 1864 e 1870. Esse foi o maior conflito na hist\u00f3ria da Am\u00e9rica do Sul.<\/p>\n<p>Na campanha naval, os soldados brasileiros enfrentaram uma Marinha preparada para o ambiente fluvial e com vantagens, tanto na proximidade do apoio log\u00edstico como no apoio de fogo de terra. Incentivados pelo Almirante Barroso, superaram adversidades de toda ordem, muitos deixando suas vidas em combate.<\/p>\n<p>Desde ent\u00e3o, a Marinha do Brasil comemora, todos os anos, nessa data, os feitos heroicos daqueles homens que lutaram na Batalha Naval do Riachuelo, reconhecendo-os como exemplos e lembrando seus atos \u00e0s gera\u00e7\u00f5es que os sucederam.<\/p>\n<p>Os feitos hist\u00f3ricos s\u00e3o inspira\u00e7\u00e3o para as atuais gera\u00e7\u00f5es. Atualmente, entre os novos desafios, est\u00e1 o enfrentamento \u00e0 pandemia provocada pelo novo coronav\u00edrus. A For\u00e7a Naval est\u00e1 integrada ao Ex\u00e9rcito e \u00e0 Aeron\u00e1utica, na Opera\u00e7\u00e3o Covid-19, coordenada pelo Minist\u00e9rio da Defesa. No \u00e2mbito dessa opera\u00e7\u00e3o, a Marinha \u00e9 respons\u00e1vel por dois dos dez comandos conjuntos: da Bahia e do Rio Grande do Norte e Para\u00edba.<\/p>\n<p>Dentre as atividades realizadas, est\u00e3o a desinfec\u00e7\u00e3o e descontamina\u00e7\u00e3o de organiza\u00e7\u00f5es militares e locais de grande circula\u00e7\u00e3o; a utiliza\u00e7\u00e3o de meios navais e de fuzileiros navais; o emprego de militares especializados em Defesa Nuclear, Biol\u00f3gica, Qu\u00edmica e Radiol\u00f3gica; a realiza\u00e7\u00e3o de cursos de capacita\u00e7\u00e3o; a produ\u00e7\u00e3o de m\u00e1scaras; a distribui\u00e7\u00e3o de alimentos; doa\u00e7\u00e3o de sangue; inspe\u00e7\u00f5es navais e campanhas de conscientiza\u00e7\u00e3o; entre outras.<\/p>\n<p><strong>Evento<\/strong><\/p>\n<p>Exatamente devido \u00e0s restri\u00e7\u00f5es impostas pela pandemia, na quarta-feira (10), o Minist\u00e9rio da Defesa promoveu cerim\u00f4nia em refer\u00eancia ao anivers\u00e1rio da Batalha Naval do Riachuelo, que marca a cria\u00e7\u00e3o da Marinha do Brasil.<\/p>\n<p>O evento contou com a presen\u00e7a do Chefe do Estado-Maior Conjunto das For\u00e7as Armadas, Tenente-Brigadeiro do Ar Raul Botelho, acompanhado pelo Chefe de Assuntos Estrat\u00e9gicos, General de Ex\u00e9rcito C\u00e9sar Augusto Nardi de Souza, do Secret\u00e1rio-Geral, Almirante de Esquadra Almir Garnier, e do Chefe de Opera\u00e7\u00f5es Conjuntas, Almirante de Esquadra Petronio Augusto Siqueira de Aguiar.<\/p>\n<p>Na ocasi\u00e3o, foi executado o Hino Nacional e lidas as ordens do dia, divulgada pelo Comandante da Marinha, Almirante de Esquadra Ilques Barbosa J\u00fanior, e pelo Presidente da Rep\u00fablica, Jair Bolsonaro. Em seguida, houve imposi\u00e7\u00e3o da Ordem do M\u00e9rito Naval e da Medalha Militar.<\/p>\n<p><em>Com informa\u00e7\u00f5es do Minist\u00e9rio da Defesa\u00a0 \/ <\/em>Fotos: Raphael Max<\/p>\n","protected":false},"excerpt":{"rendered":"<p>Data Magna da Marinha relembra feitos hist\u00f3ricos e atua\u00e7\u00e3o no presente Nesta quinta-feira (11\/6) foi comemorado o 155\u00ba anivers\u00e1rio da For\u00e7a Naval. \u00c9 a Data&#8230;<\/p>\n","protected":false},"author":1182,"featured_media":29836,"comment_status":"closed","ping_status":"closed","sticky":false,"template":"","format":"standard","meta":{"footnotes":""},"categories":[6],"tags":[1528,61,1727,15,67,3195],"class_list":["post-29835","post","type-post","status-publish","format-standard","has-post-thumbnail","hentry","category-noticias","tag-batalha","tag-brasil","tag-celebracao","tag-marinha","tag-naval","tag-riachuelo"],"_links":{"self":[{"href":"https:\/\/www.sincomam.org.br\/index.php\/wp-json\/wp\/v2\/posts\/29835","targetHints":{"allow":["GET"]}}],"collection":[{"href":"https:\/\/www.sincomam.org.br\/index.php\/wp-json\/wp\/v2\/posts"}],"about":[{"href":"https:\/\/www.sincomam.org.br\/index.php\/wp-json\/wp\/v2\/types\/post"}],"author":[{"embeddable":true,"href":"https:\/\/www.sincomam.org.br\/index.php\/wp-json\/wp\/v2\/users\/1182"}],"replies":[{"embeddable":true,"href":"https:\/\/www.sincomam.org.br\/index.php\/wp-json\/wp\/v2\/comments?post=29835"}],"version-history":[{"count":1,"href":"https:\/\/www.sincomam.org.br\/index.php\/wp-json\/wp\/v2\/posts\/29835\/revisions"}],"predecessor-version":[{"id":29837,"href":"https:\/\/www.sincomam.org.br\/index.php\/wp-json\/wp\/v2\/posts\/29835\/revisions\/29837"}],"wp:featuredmedia":[{"embeddable":true,"href":"https:\/\/www.sincomam.org.br\/index.php\/wp-json\/wp\/v2\/media\/29836"}],"wp:attachment":[{"href":"https:\/\/www.sincomam.org.br\/index.php\/wp-json\/wp\/v2\/media?parent=29835"}],"wp:term":[{"taxonomy":"category","embeddable":true,"href":"https:\/\/www.sincomam.org.br\/index.php\/wp-json\/wp\/v2\/categories?post=29835"},{"taxonomy":"post_tag","embeddable":true,"href":"https:\/\/www.sincomam.org.br\/index.php\/wp-json\/wp\/v2\/tags?post=29835"}],"curies":[{"name":"wp","href":"https:\/\/api.w.org\/{rel}","templated":true}]}}