{"id":29816,"date":"2020-06-12T11:39:56","date_gmt":"2020-06-12T14:39:56","guid":{"rendered":"http:\/\/www.sincomam.org.br\/?p=29816"},"modified":"2020-06-12T11:39:56","modified_gmt":"2020-06-12T14:39:56","slug":"covid-19-brasil-tem-409-mil-mortes-e-802-mil-pessoas-infectadas-pela-doenca","status":"publish","type":"post","link":"https:\/\/www.sincomam.org.br\/index.php\/covid-19-brasil-tem-409-mil-mortes-e-802-mil-pessoas-infectadas-pela-doenca\/","title":{"rendered":"Covid-19: Brasil tem 40,9 mil mortes e 802 mil pessoas infectadas pela doen\u00e7a"},"content":{"rendered":"<p><strong><em>Mais de 345 mil pessoas est\u00e3o recuperadas da doen\u00e7a no pa\u00eds. EUA continua em primeiro lugar, somando 2,02 milh\u00f5es de pessoas infectadas<\/em><\/strong><\/p>\n<p>O Brasil ultrapassou as 40 mil mortes, segundo o \u00faltimo boletim divulgado pelo Minist\u00e9rio da Sa\u00fade. O balan\u00e7o apontou 1.239 novas mortes e 30.412 novos casos de Covid-19 nas \u00faltimas 24h. De acordo com o Minist\u00e9rio, o pa\u00eds chegou a 40.919 \u00f3bitos confirmados devido a pandemia do novo coronav\u00edrus e contabiliza 802.828 pessoas infectadas. Ainda segue em acompanhamento m\u00e9dico 416.314 pessoas e 345.595 casos est\u00e3o recuperados. O boletim tamb\u00e9m apresenta a taxa de letalidade (n\u00famero de mortes pela quantidade de casos confirmados), que ficou em 5,1%. J\u00e1 a taxa de mortalidade (falecimentos por 100.000 habitantes) foi de 19,5.<a href=\"https:\/\/www.sincomam.org.br\/wp-content\/uploads\/2020\/06\/Boletim-minist\u00e9rio.jpg\" target=\"_blank\" rel=\"noopener noreferrer\"><img fetchpriority=\"high\" decoding=\"async\" class=\"alignleft wp-image-29817 \" src=\"https:\/\/www.sincomam.org.br\/wp-content\/uploads\/2020\/06\/Boletim-minist\u00e9rio-768x431.jpg\" alt=\"\" width=\"584\" height=\"328\" srcset=\"https:\/\/www.sincomam.org.br\/wp-content\/uploads\/2020\/06\/Boletim-minist\u00e9rio-768x431.jpg 768w, https:\/\/www.sincomam.org.br\/wp-content\/uploads\/2020\/06\/Boletim-minist\u00e9rio-300x169.jpg 300w, https:\/\/www.sincomam.org.br\/wp-content\/uploads\/2020\/06\/Boletim-minist\u00e9rio.jpg 817w\" sizes=\"(max-width: 584px) 100vw, 584px\" \/><\/a><\/p>\n<p><strong>Estados brasileiros<\/strong><\/p>\n<p>Os estados com maior n\u00famero de \u00f3bitos s\u00e3o S\u00e3o Paulo (10.145), Rio de Janeiro (7.363), Cear\u00e1 (4.663), Par\u00e1 (4.030) e Pernambuco (3.633). Ainda figuram entres os com altos \u00edndices de v\u00edtimas fatais em fun\u00e7\u00e3o da pandemia Amazonas (2.400), Maranh\u00e3o (1.360), Bahia (1.013), Esp\u00edrito Santo (962), Alagoas (681) e Para\u00edba (570). J\u00e1 os estados com mais casos confirmados da doen\u00e7a, destaque para S\u00e3o Paulo (162.520), Rio de Janeiro (75.775), Cear\u00e1 (73.879), Par\u00e1 (64.126) e Amazonas (53.989).<\/p>\n<p>O Minist\u00e9rio da Sa\u00fade informa que j\u00e1 distribuiu mais de 115 milh\u00f5es de equipamentos de prote\u00e7\u00e3o individual para todo o Brasil, como m\u00e1scaras, luvas, \u00e1lcool em gel.il, como m\u00e1scaras, luvas, \u00e1lcool em gel.<\/p>\n<p><strong>Mundo<\/strong><\/p>\n<p>A contagem global de casos de covid-19 subiu para 7,5 milh\u00f5es na sexta-feira (12), de acordo com dados agregados pela Johns Hopkins University. Os EUA t\u00eam o maior n\u00famero de casos de coronav\u00edrus no mundo, com 2,02 milh\u00f5es e o maior n\u00famero de mortos, de 113.820. As informa\u00e7\u00f5es s\u00e3o da ag\u00eancia de not\u00edcias Dow Jones.<\/p>\n<p>O relat\u00f3rio mais recente da OMS (Organiza\u00e7\u00e3o Mundial da Sa\u00fade) indicou que o n\u00famero de mortes causadas pelo coronav\u00edrus no mundo subiu para 408.025.<\/p>\n<p><strong>Sobre a Covid-19<\/strong><\/p>\n<p>A doen\u00e7a do coronav\u00edrus (COVID-19) \u00e9 uma doen\u00e7a infecciosa causada por um coronav\u00edrus rec\u00e9m-descoberto. A maioria das pessoas que adoece em decorr\u00eancia da doen\u00e7a apresentar\u00e1 sintomas leves a moderados e se recuperar\u00e1 sem tratamento especial. Qual sintoma do novo coronav\u00edrus, procure uma unidade de sa\u00fade mais pr\u00f3xima de sua resid\u00eancia.<\/p>\n","protected":false},"excerpt":{"rendered":"<p>Mais de 345 mil pessoas est\u00e3o recuperadas da doen\u00e7a no pa\u00eds. EUA continua em primeiro lugar, somando 2,02 milh\u00f5es de pessoas infectadas O Brasil ultrapassou&#8230;<\/p>\n","protected":false},"author":1182,"featured_media":28525,"comment_status":"closed","ping_status":"closed","sticky":false,"template":"","format":"standard","meta":{"footnotes":""},"categories":[6],"tags":[61,2778,175,2800,2752,266,1005,1210,3188,59,366],"class_list":["post-29816","post","type-post","status-publish","format-standard","has-post-thumbnail","hentry","category-noticias","tag-brasil","tag-casos","tag-ceara","tag-confirmados","tag-coronavirus","tag-eua","tag-mortes","tag-mundo","tag-obitos","tag-rio-de-janeiro","tag-sao-paulo"],"_links":{"self":[{"href":"https:\/\/www.sincomam.org.br\/index.php\/wp-json\/wp\/v2\/posts\/29816","targetHints":{"allow":["GET"]}}],"collection":[{"href":"https:\/\/www.sincomam.org.br\/index.php\/wp-json\/wp\/v2\/posts"}],"about":[{"href":"https:\/\/www.sincomam.org.br\/index.php\/wp-json\/wp\/v2\/types\/post"}],"author":[{"embeddable":true,"href":"https:\/\/www.sincomam.org.br\/index.php\/wp-json\/wp\/v2\/users\/1182"}],"replies":[{"embeddable":true,"href":"https:\/\/www.sincomam.org.br\/index.php\/wp-json\/wp\/v2\/comments?post=29816"}],"version-history":[{"count":1,"href":"https:\/\/www.sincomam.org.br\/index.php\/wp-json\/wp\/v2\/posts\/29816\/revisions"}],"predecessor-version":[{"id":29818,"href":"https:\/\/www.sincomam.org.br\/index.php\/wp-json\/wp\/v2\/posts\/29816\/revisions\/29818"}],"wp:featuredmedia":[{"embeddable":true,"href":"https:\/\/www.sincomam.org.br\/index.php\/wp-json\/wp\/v2\/media\/28525"}],"wp:attachment":[{"href":"https:\/\/www.sincomam.org.br\/index.php\/wp-json\/wp\/v2\/media?parent=29816"}],"wp:term":[{"taxonomy":"category","embeddable":true,"href":"https:\/\/www.sincomam.org.br\/index.php\/wp-json\/wp\/v2\/categories?post=29816"},{"taxonomy":"post_tag","embeddable":true,"href":"https:\/\/www.sincomam.org.br\/index.php\/wp-json\/wp\/v2\/tags?post=29816"}],"curies":[{"name":"wp","href":"https:\/\/api.w.org\/{rel}","templated":true}]}}