{"id":29802,"date":"2020-06-10T12:10:49","date_gmt":"2020-06-10T15:10:49","guid":{"rendered":"http:\/\/www.sincomam.org.br\/?p=29802"},"modified":"2020-06-10T12:10:49","modified_gmt":"2020-06-10T15:10:49","slug":"frotas-de-cabotagem-e-navegacao-interior-tem-idade-media-de-14-anos","status":"publish","type":"post","link":"https:\/\/www.sincomam.org.br\/index.php\/frotas-de-cabotagem-e-navegacao-interior-tem-idade-media-de-14-anos\/","title":{"rendered":"Frotas de cabotagem e navega\u00e7\u00e3o interior t\u00eam idade m\u00e9dia de 14 anos"},"content":{"rendered":"<p>A navega\u00e7\u00e3o mar\u00edtima brasileira concentra uma frota da ordem de duas mil embarca\u00e7\u00f5es e 450 empresas autorizadas somando os segmentos de cabotagem, longo curso, apoio mar\u00edtimo e apoio portu\u00e1rio. A cabotagem re\u00fane 179 embarca\u00e7\u00f5es, com idade m\u00e9dia de 14 anos. J\u00e1 a navega\u00e7\u00e3o interior (longitudinal de cargas) totaliza 1.860 embarca\u00e7\u00f5es, com a mesma m\u00e9dia de idade.<\/p>\n<p>No ano passado, cabotagem e navega\u00e7\u00e3o interior somaram movimenta\u00e7\u00e3o de aproximadamente 350 milh\u00f5es de toneladas, cerca de 35% dos 1,1 bilh\u00e3o de toneladas movimentadas em 2019. Os dados s\u00e3o da superintend\u00eancia de outorgas da Ag\u00eancia Nacional de Transportes Aquavi\u00e1rios (Antaq).<\/p>\n<p>No apoio portu\u00e1rio, a idade m\u00e9dia, num universo de 1.300 embarca\u00e7\u00f5es, \u00e9 de 20 anos. A m\u00e9dia de idade mais baixa est\u00e1 na frota de apoio mar\u00edtimo, que tem 455 embarca\u00e7\u00f5es, com idade m\u00e9dia de 12 anos. De acordo com a Antaq, houve 117 autoriza\u00e7\u00f5es para empresas brasileiras de navega\u00e7\u00e3o (EBNs) em 2019 e, at\u00e9 o momento, foram autorizadas 18 EBNs em 2020.<\/p>\n<p>O superintendente de outorgas da Antaq, Alber Vasconcelos, disse que a ag\u00eancia mant\u00e9m atualizadas as informa\u00e7\u00f5es sobre outorgas de EBNs e cadastro de frotas de embarca\u00e7\u00f5es. Ele considera que esses n\u00fameros s\u00e3o importantes para direcionar pol\u00edticas p\u00fablicas setoriais.<\/p>\n<p>\u201cO fortalecimento da ind\u00fastria \u00e9 um caminho a se trilhar e a ind\u00fastria naval n\u00e3o pode estar fora\u201d, defendeu Vasconcelos durante o Webinar \u201cBR do Mar e Ind\u00fastria Naval \u2013 \u201cDesafios para seu Fortalecimento\u201d, promovido pela Frente parlamentar mista de log\u00edstica e infraestrutura (Frenlogi).<\/p>\n<p>Fonte: Portos e Navios \u2013 Danilo Oliveira<\/p>\n","protected":false},"excerpt":{"rendered":"<p>A navega\u00e7\u00e3o mar\u00edtima brasileira concentra uma frota da ordem de duas mil embarca\u00e7\u00f5es e 450 empresas autorizadas somando os segmentos de cabotagem, longo curso, apoio&#8230;<\/p>\n","protected":false},"author":1182,"featured_media":3530,"comment_status":"closed","ping_status":"closed","sticky":false,"template":"","format":"standard","meta":{"footnotes":""},"categories":[6],"tags":[61,82,3186,3187,886],"class_list":["post-29802","post","type-post","status-publish","format-standard","has-post-thumbnail","hentry","category-noticias","tag-brasil","tag-cabotagem","tag-frotas","tag-interior","tag-navegacao"],"_links":{"self":[{"href":"https:\/\/www.sincomam.org.br\/index.php\/wp-json\/wp\/v2\/posts\/29802","targetHints":{"allow":["GET"]}}],"collection":[{"href":"https:\/\/www.sincomam.org.br\/index.php\/wp-json\/wp\/v2\/posts"}],"about":[{"href":"https:\/\/www.sincomam.org.br\/index.php\/wp-json\/wp\/v2\/types\/post"}],"author":[{"embeddable":true,"href":"https:\/\/www.sincomam.org.br\/index.php\/wp-json\/wp\/v2\/users\/1182"}],"replies":[{"embeddable":true,"href":"https:\/\/www.sincomam.org.br\/index.php\/wp-json\/wp\/v2\/comments?post=29802"}],"version-history":[{"count":1,"href":"https:\/\/www.sincomam.org.br\/index.php\/wp-json\/wp\/v2\/posts\/29802\/revisions"}],"predecessor-version":[{"id":29803,"href":"https:\/\/www.sincomam.org.br\/index.php\/wp-json\/wp\/v2\/posts\/29802\/revisions\/29803"}],"wp:featuredmedia":[{"embeddable":true,"href":"https:\/\/www.sincomam.org.br\/index.php\/wp-json\/wp\/v2\/media\/3530"}],"wp:attachment":[{"href":"https:\/\/www.sincomam.org.br\/index.php\/wp-json\/wp\/v2\/media?parent=29802"}],"wp:term":[{"taxonomy":"category","embeddable":true,"href":"https:\/\/www.sincomam.org.br\/index.php\/wp-json\/wp\/v2\/categories?post=29802"},{"taxonomy":"post_tag","embeddable":true,"href":"https:\/\/www.sincomam.org.br\/index.php\/wp-json\/wp\/v2\/tags?post=29802"}],"curies":[{"name":"wp","href":"https:\/\/api.w.org\/{rel}","templated":true}]}}