{"id":29792,"date":"2020-06-10T11:27:26","date_gmt":"2020-06-10T14:27:26","guid":{"rendered":"http:\/\/www.sincomam.org.br\/?p=29792"},"modified":"2020-06-10T11:27:26","modified_gmt":"2020-06-10T14:27:26","slug":"ans-restabelece-prazos-de-atendimento-flexibilizados-na-pandemia","status":"publish","type":"post","link":"https:\/\/www.sincomam.org.br\/index.php\/ans-restabelece-prazos-de-atendimento-flexibilizados-na-pandemia\/","title":{"rendered":"ANS restabelece prazos de atendimento flexibilizados na pandemia"},"content":{"rendered":"<p><strong><em>Prazos m\u00e1ximos para atendimento por planos de sa\u00fade ser\u00e3o monitorados, diz representante da ag\u00eancia<\/em><\/strong><\/p>\n<p>Come\u00e7am a valer hoje (10) os prazos m\u00e1ximos para atendimento pelas operadoras de planos de sa\u00fade, estabelecidos pela Resolu\u00e7\u00e3o Normativa n\u00ba 259. Os prazos haviam sido flexibilizados pela Ag\u00eancia Nacional de Sa\u00fade Suplementar (ANS) no dia 25 de mar\u00e7o, devido \u00e0 pandemia de covid-19.<\/p>\n<p>A decis\u00e3o foi tomada ontem (9), em reuni\u00e3o ordin\u00e1ria da Diretoria Colegiada da ag\u00eancia reguladora. A retomada foi baseada, entre outras coisas, na Nota T\u00e9cnica n\u00ba 6, da Ag\u00eancia Nacional de Vigil\u00e2ncia Sanit\u00e1ria (Anvisa), atualizada no \u00faltimo dia 29, e orienta sobre a retomada das cirurgias eletivas.<\/p>\n<p>Segundo a ANS, diversas sociedades m\u00e9dicas e representa\u00e7\u00f5es de prestadores de servi\u00e7os \u201casseguram que os estabelecimentos de sa\u00fade est\u00e3o organizados e t\u00eam condi\u00e7\u00f5es adequadas de atender \u00e0 demanda por procedimentos e cirurgias eletivas (n\u00e3o considerados urgentes), sem prejudicar o atendimento aos casos de covid-19\u201d.<\/p>\n<p>Representantes de todo o setor participaram, na quarta-feira passada (3), de reuni\u00e3o extraordin\u00e1ria da C\u00e2mara de Sa\u00fade Suplementar (CAMSS) e, segundo a ANS, houve consenso sobre a retomada dos prazos. Segundo o diretor-presidente substituto, Rog\u00e9rio Scarabel, a an\u00e1lise do cen\u00e1rio foi criteriosa, e os prazos de atendimento ser\u00e3o monitorados.<\/p>\n<p>\u201cA ANS fez uma an\u00e1lise bastante criteriosa para embasar a sua tomada de decis\u00e3o, realizando uma avalia\u00e7\u00e3o conjunta de todas as informa\u00e7\u00f5es e manifesta\u00e7\u00f5es expressas pelas autoridades de sa\u00fade e pelo setor regulado. Somente ap\u00f3s considerar todos esses elementos e pensando fundamentalmente na sa\u00fade e na seguran\u00e7a dos pacientes, recomendamos a retomada dos prazos regulares de atendimento\u201d.<\/p>\n<p>A ANS ressalta que o pa\u00eds continua com a emerg\u00eancia sanit\u00e1ria causada pelo novo coronav\u00edrus e que todos os cuidados para evitar a contamina\u00e7\u00e3o devem ser seguidos pelos benefici\u00e1rios, operadoras de planos de sa\u00fade e prestadores de servi\u00e7os.<\/p>\n<p>\u201cIsso inclui as medidas de distanciamento social, uso de equipamentos de prote\u00e7\u00e3o e manuten\u00e7\u00e3o das normas de higiene preconizadas pelas autoridades de sa\u00fade e gestores locais. Os servi\u00e7os de sa\u00fade tamb\u00e9m devem se manter atentos e levar em considera\u00e7\u00e3o a possibilidade de ter que interromper os procedimentos n\u00e3o urgentes, caso o cen\u00e1rio epidemiol\u00f3gico se modifique e indique qualquer risco de colapso do sistema de sa\u00fade para o conjunto dos benefici\u00e1rios e da popula\u00e7\u00e3o em geral\u201d.<\/p>\n<p>Os prazos m\u00e1ximos retomados a partir de hoje s\u00e3o de sete dias para consultas em pediatria, cl\u00ednica m\u00e9dica, cirurgia geral, ginecologia e obstetr\u00edcia e cirurgi\u00e3o dentista; 14 dias para as demais especialidades; dez dias para consulta ou sess\u00e3o com fonoaudi\u00f3logo, nutricionista, psic\u00f3logo, terapeuta ocupacional e fisioterapia; tr\u00eas dias para diagn\u00f3stico de laborat\u00f3rio de an\u00e1lise cl\u00ednica; 21 dias para atendimento de alta complexidade e interna\u00e7\u00e3o eletiva; e dez dias para atendimento em hospital-dia.<\/p>\n<p>Fonte: Ag\u00eancia Brasil<\/p>\n","protected":false},"excerpt":{"rendered":"<p>Prazos m\u00e1ximos para atendimento por planos de sa\u00fade ser\u00e3o monitorados, diz representante da ag\u00eancia Come\u00e7am a valer hoje (10) os prazos m\u00e1ximos para atendimento pelas&#8230;<\/p>\n","protected":false},"author":1182,"featured_media":29793,"comment_status":"closed","ping_status":"closed","sticky":false,"template":"","format":"standard","meta":{"footnotes":""},"categories":[6],"tags":[515,3181,2752,2751,660,518,1534,329,3180,519,862],"class_list":["post-29792","post","type-post","status-publish","format-standard","has-post-thumbnail","hentry","category-noticias","tag-ans","tag-atendimentos","tag-coronavirus","tag-covid-19","tag-emergencia","tag-planos","tag-prazos","tag-retomada","tag-sanitaria","tag-saude","tag-servicos"],"_links":{"self":[{"href":"https:\/\/www.sincomam.org.br\/index.php\/wp-json\/wp\/v2\/posts\/29792","targetHints":{"allow":["GET"]}}],"collection":[{"href":"https:\/\/www.sincomam.org.br\/index.php\/wp-json\/wp\/v2\/posts"}],"about":[{"href":"https:\/\/www.sincomam.org.br\/index.php\/wp-json\/wp\/v2\/types\/post"}],"author":[{"embeddable":true,"href":"https:\/\/www.sincomam.org.br\/index.php\/wp-json\/wp\/v2\/users\/1182"}],"replies":[{"embeddable":true,"href":"https:\/\/www.sincomam.org.br\/index.php\/wp-json\/wp\/v2\/comments?post=29792"}],"version-history":[{"count":1,"href":"https:\/\/www.sincomam.org.br\/index.php\/wp-json\/wp\/v2\/posts\/29792\/revisions"}],"predecessor-version":[{"id":29794,"href":"https:\/\/www.sincomam.org.br\/index.php\/wp-json\/wp\/v2\/posts\/29792\/revisions\/29794"}],"wp:featuredmedia":[{"embeddable":true,"href":"https:\/\/www.sincomam.org.br\/index.php\/wp-json\/wp\/v2\/media\/29793"}],"wp:attachment":[{"href":"https:\/\/www.sincomam.org.br\/index.php\/wp-json\/wp\/v2\/media?parent=29792"}],"wp:term":[{"taxonomy":"category","embeddable":true,"href":"https:\/\/www.sincomam.org.br\/index.php\/wp-json\/wp\/v2\/categories?post=29792"},{"taxonomy":"post_tag","embeddable":true,"href":"https:\/\/www.sincomam.org.br\/index.php\/wp-json\/wp\/v2\/tags?post=29792"}],"curies":[{"name":"wp","href":"https:\/\/api.w.org\/{rel}","templated":true}]}}