{"id":29780,"date":"2020-06-09T12:48:37","date_gmt":"2020-06-09T15:48:37","guid":{"rendered":"http:\/\/www.sincomam.org.br\/?p=29780"},"modified":"2020-06-09T12:48:37","modified_gmt":"2020-06-09T15:48:37","slug":"relator-da-mp-936-pretende-estender-suspensao-de-contratos","status":"publish","type":"post","link":"https:\/\/www.sincomam.org.br\/index.php\/relator-da-mp-936-pretende-estender-suspensao-de-contratos\/","title":{"rendered":"Relator da MP 936 pretende estender suspens\u00e3o de contratos"},"content":{"rendered":"<p><strong><em>Senador estuda altera\u00e7\u00f5es no texto, que poderia voltar para a C\u00e2mara. Vota\u00e7\u00e3o est\u00e1 prevista para amanh\u00e3<\/em><\/strong><\/p>\n<p>O Relator da Medida Provis\u00f3ria 936 no Senado, o empres\u00e1rio Vanderlan Cardoso (PSD-GO) pretende incluir no seu parecer a extens\u00e3o do prazo de suspens\u00e3o dos contratos e trabalho, sem necessidade de uma decis\u00e3o do Executivo. Aprovada em 28 de maio na C\u00e2mara, a MP poder\u00e1 ser inclu\u00edda na pauta desta ter\u00e7a-feira (9) do plen\u00e1rio da Casa.<\/p>\n<p>\u201cN\u00e3o sabemos quando vai acabar a pandemia e os estados e munic\u00edpios t\u00eam realidade sanit\u00e1rias e econ\u00f4micas diferentes\u201d, afirmou o senador ao site Congresso em Foco. \u201cUns podem precisar apertar o distanciamento ou n\u00e3o. Ent\u00e3o, estamos analisando se \u00e9 melhor prorrogarmos a suspens\u00e3o e contratos j\u00e1 na pr\u00f3pria MP ou se deixamos essa tarefa para o Executivo.\u201d<\/p>\n<p>De acordo com o site, tanto o relator como o l\u00edder do governo no Congresso, senador Eduardo Gomes (MDB-TO), admitem a possibilidade de mudan\u00e7as no texto vindo da C\u00e2mara. Caso isso aconte\u00e7a, haveria necessidade de nova vota\u00e7\u00e3o dos deputados, o que estenderia a tramita\u00e7\u00e3o. A MP \u00e9 v\u00e1lida at\u00e9 10 de agosto.<\/p>\n<p>Originalmente, a suspens\u00e3o do contrato poderia ser feita por 60 dias e a redu\u00e7\u00e3o de sal\u00e1rio e jornada, por 90. O relator na C\u00e2mara, Orlando Silva (PCdoB-SP), permitiu a prorroga\u00e7\u00e3o pelo per\u00edodo de calamidade p\u00fablica, at\u00e9 31 de dezembro, caso haja decreto do Executivo. Outra mudan\u00e7a foi a prorroga\u00e7\u00e3o da desonera\u00e7\u00e3o da folha de pagamento por um ano, at\u00e9 o final de 2021.<\/p>\n<p>Segundo o Departamento Intersindical de Assessoria Parlamentar (Diap), Vanderlan Cardoso foi prefeito por dois mandatos de Senador Canedo. Apoiador do governo, j\u00e1 foi filiado a PR, PSB e MDB. \u00c9 empres\u00e1rio na ind\u00fastria de alimentos.<\/p>\n<p>Fonte: Rede Brasil Atual<\/p>\n<p><strong>Leia tamb\u00e9m:<\/strong><\/p>\n<p><a href=\"https:\/\/www.sincomam.org.br\/index.php\/fgts-inss-e-outros-beneficios-que-mudaram-com-a-reducao-do-salario-e-jornada-de-trabalho\/\" target=\"_blank\" rel=\"noopener noreferrer\"><strong>FGTS, INSS e outros benef\u00edcios que mudaram com a MP 936<\/strong><\/a><\/p>\n","protected":false},"excerpt":{"rendered":"<p>Senador estuda altera\u00e7\u00f5es no texto, que poderia voltar para a C\u00e2mara. Vota\u00e7\u00e3o est\u00e1 prevista para amanh\u00e3 O Relator da Medida Provis\u00f3ria 936 no Senado, o&#8230;<\/p>\n","protected":false},"author":1182,"featured_media":29559,"comment_status":"closed","ping_status":"closed","sticky":false,"template":"","format":"standard","meta":{"footnotes":""},"categories":[6],"tags":[258,65,1323,2866,2865,767,3088,924,459,517,554],"class_list":["post-29780","post","type-post","status-publish","format-standard","has-post-thumbnail","hentry","category-noticias","tag-contratos","tag-empresas","tag-federal","tag-jornada","tag-mp-936","tag-reducao","tag-salarial","tag-senado","tag-sindicatos","tag-suspensao","tag-trabalho"],"_links":{"self":[{"href":"https:\/\/www.sincomam.org.br\/index.php\/wp-json\/wp\/v2\/posts\/29780","targetHints":{"allow":["GET"]}}],"collection":[{"href":"https:\/\/www.sincomam.org.br\/index.php\/wp-json\/wp\/v2\/posts"}],"about":[{"href":"https:\/\/www.sincomam.org.br\/index.php\/wp-json\/wp\/v2\/types\/post"}],"author":[{"embeddable":true,"href":"https:\/\/www.sincomam.org.br\/index.php\/wp-json\/wp\/v2\/users\/1182"}],"replies":[{"embeddable":true,"href":"https:\/\/www.sincomam.org.br\/index.php\/wp-json\/wp\/v2\/comments?post=29780"}],"version-history":[{"count":1,"href":"https:\/\/www.sincomam.org.br\/index.php\/wp-json\/wp\/v2\/posts\/29780\/revisions"}],"predecessor-version":[{"id":29781,"href":"https:\/\/www.sincomam.org.br\/index.php\/wp-json\/wp\/v2\/posts\/29780\/revisions\/29781"}],"wp:featuredmedia":[{"embeddable":true,"href":"https:\/\/www.sincomam.org.br\/index.php\/wp-json\/wp\/v2\/media\/29559"}],"wp:attachment":[{"href":"https:\/\/www.sincomam.org.br\/index.php\/wp-json\/wp\/v2\/media?parent=29780"}],"wp:term":[{"taxonomy":"category","embeddable":true,"href":"https:\/\/www.sincomam.org.br\/index.php\/wp-json\/wp\/v2\/categories?post=29780"},{"taxonomy":"post_tag","embeddable":true,"href":"https:\/\/www.sincomam.org.br\/index.php\/wp-json\/wp\/v2\/tags?post=29780"}],"curies":[{"name":"wp","href":"https:\/\/api.w.org\/{rel}","templated":true}]}}