{"id":29762,"date":"2020-06-09T11:29:26","date_gmt":"2020-06-09T14:29:26","guid":{"rendered":"http:\/\/www.sincomam.org.br\/?p=29762"},"modified":"2020-06-09T12:12:37","modified_gmt":"2020-06-09T15:12:37","slug":"vale-adota-emergencia-em-barragens-de-nova-lima-e-ouro-preto","status":"publish","type":"post","link":"https:\/\/www.sincomam.org.br\/index.php\/vale-adota-emergencia-em-barragens-de-nova-lima-e-ouro-preto\/","title":{"rendered":"Vale adota emerg\u00eancia em barragens de Nova Lima e Ouro Preto"},"content":{"rendered":"<p><strong><em>Protocolo n\u00e3o requer evacua\u00e7\u00e3o da popula\u00e7\u00e3o em local pr\u00f3ximo<\/em><\/strong><\/p>\n<p>A mineradora Vale come\u00e7ou hoje (9), de forma preventiva, o protocolo de emerg\u00eancia em n\u00edvel 1 das barragens 6 e 7A, da Mina de \u00c1guas Claras, em Nova Lima (MG), e da barragem \u00c1rea IX, da Mina de F\u00e1brica, em Ouro Preto (MG).<\/p>\n<p>Segundo a empresa, as barragens est\u00e3o inativas e o protocolo n\u00e3o requer a evacua\u00e7\u00e3o da popula\u00e7\u00e3o em local pr\u00f3ximo.<\/p>\n<p>\u201cRecentemente, ao identificar tr\u00eas estruturas inativas e com caracter\u00edsticas de barragens, a Vale comunicou e cadastrou essas estruturas nos \u00f3rg\u00e3os competentes. A partir de inspe\u00e7\u00f5es mais recentes, n\u00e3o foram identificadas anomalias que possam comprometer a seguran\u00e7a das estruturas\u201d, informou a mineradora.<\/p>\n<p>A empresa destacou que trabalha na investiga\u00e7\u00e3o das estruturas para verificar mais detalhes sobre as suas caracter\u00edsticas e condi\u00e7\u00f5es. \u201cA decis\u00e3o de elevar o n\u00edvel de emerg\u00eancia \u00e9 uma medida preventiva at\u00e9 que sejam conclu\u00eddas as an\u00e1lises t\u00e9cnicas das estruturas\u201d, diz em nota.<\/p>\n<p>De acordo com a Vale, o acionamento do n\u00edvel 1 das barragens n\u00e3o impacta o plano de produ\u00e7\u00e3o de 2020, conforme apresentado no Relat\u00f3rio Produ\u00e7\u00e3o e Vendas no primeiro trimestre de 2020.<\/p>\n<p>Fonte: Ag\u00eancia Brasil \/ Foto: Rompimento de barragem em Brumadinho, em 25 de janeiro de 2019.<\/p>\n<p><strong>Leia tamb\u00e9m: <a href=\"https:\/\/www.sincomam.org.br\/index.php\/justica-volta-a-interditar-minas-da-vale-em-itabira-apos-denuncia-do-mpt-sobre-risco-de-contaminacao-por-covid-19\/\" target=\"_blank\" rel=\"noopener noreferrer\">Justi\u00e7a volta a interditar minas da Vale<\/a><\/strong><\/p>\n","protected":false},"excerpt":{"rendered":"<p>Protocolo n\u00e3o requer evacua\u00e7\u00e3o da popula\u00e7\u00e3o em local pr\u00f3ximo A mineradora Vale come\u00e7ou hoje (9), de forma preventiva, o protocolo de emerg\u00eancia em n\u00edvel 1&#8230;<\/p>\n","protected":false},"author":1182,"featured_media":17462,"comment_status":"closed","ping_status":"closed","sticky":false,"template":"","format":"standard","meta":{"footnotes":""},"categories":[6],"tags":[3169,660,3168,3167,3170,573],"class_list":["post-29762","post","type-post","status-publish","format-standard","has-post-thumbnail","hentry","category-noticias","tag-barragens","tag-emergencia","tag-nova-lima","tag-ouro-preto","tag-rompimento","tag-vale"],"_links":{"self":[{"href":"https:\/\/www.sincomam.org.br\/index.php\/wp-json\/wp\/v2\/posts\/29762","targetHints":{"allow":["GET"]}}],"collection":[{"href":"https:\/\/www.sincomam.org.br\/index.php\/wp-json\/wp\/v2\/posts"}],"about":[{"href":"https:\/\/www.sincomam.org.br\/index.php\/wp-json\/wp\/v2\/types\/post"}],"author":[{"embeddable":true,"href":"https:\/\/www.sincomam.org.br\/index.php\/wp-json\/wp\/v2\/users\/1182"}],"replies":[{"embeddable":true,"href":"https:\/\/www.sincomam.org.br\/index.php\/wp-json\/wp\/v2\/comments?post=29762"}],"version-history":[{"count":3,"href":"https:\/\/www.sincomam.org.br\/index.php\/wp-json\/wp\/v2\/posts\/29762\/revisions"}],"predecessor-version":[{"id":29773,"href":"https:\/\/www.sincomam.org.br\/index.php\/wp-json\/wp\/v2\/posts\/29762\/revisions\/29773"}],"wp:featuredmedia":[{"embeddable":true,"href":"https:\/\/www.sincomam.org.br\/index.php\/wp-json\/wp\/v2\/media\/17462"}],"wp:attachment":[{"href":"https:\/\/www.sincomam.org.br\/index.php\/wp-json\/wp\/v2\/media?parent=29762"}],"wp:term":[{"taxonomy":"category","embeddable":true,"href":"https:\/\/www.sincomam.org.br\/index.php\/wp-json\/wp\/v2\/categories?post=29762"},{"taxonomy":"post_tag","embeddable":true,"href":"https:\/\/www.sincomam.org.br\/index.php\/wp-json\/wp\/v2\/tags?post=29762"}],"curies":[{"name":"wp","href":"https:\/\/api.w.org\/{rel}","templated":true}]}}