{"id":29743,"date":"2020-06-08T15:07:22","date_gmt":"2020-06-08T18:07:22","guid":{"rendered":"http:\/\/www.sincomam.org.br\/?p=29743"},"modified":"2020-06-09T11:24:16","modified_gmt":"2020-06-09T14:24:16","slug":"volta-as-aulas-sao-paulo-tera-retorno-de-forma-hibrida-e-em-fases","status":"publish","type":"post","link":"https:\/\/www.sincomam.org.br\/index.php\/volta-as-aulas-sao-paulo-tera-retorno-de-forma-hibrida-e-em-fases\/","title":{"rendered":"Volta \u00e1s aulas: S\u00e3o Paulo ter\u00e1 retorno de forma &#8220;h\u00edbrida&#8221; e em fases"},"content":{"rendered":"<p><strong><em>Devido a Covid-19, aulas presenciais est\u00e3o suspensas desde mar\u00e7o. Ainda n\u00e3o h\u00e1 decis\u00e3o sobre a data em que as escolas v\u00e3o reabrir no Estado<\/em><\/strong><\/p>\n<p>Em S\u00e3o Paulo, a volta \u00e0s aulas nas escolas estaduais, municipais e particulares, em todas as cidades paulistas, ser\u00e1 feita de forma h\u00edbrida (com ensino presencial e \u00e0 dist\u00e2ncia) e em fases, conforme an\u00fancio foi feito na sexta-feira (5), durante coletiva de imprensa, pelo Secret\u00e1rio Executivo de Educa\u00e7\u00e3o do Estado, Haroldo Rocha.<\/p>\n<p>Segundo Haroldo, ainda n\u00e3o h\u00e1 uma decis\u00e3o sobre a data em que as escolas v\u00e3o reabrir e tudo depende da evolu\u00e7\u00e3o da pandemia e da orienta\u00e7\u00e3o cientifica da \u00e1rea da Secretaria de Sa\u00fade.<\/p>\n<p>Mesmo sem previs\u00e3o para um retorno das atividades, o governo estuda a retomada das aulas com a\u00e7\u00f5es combinadas com o Plano S\u00e3o Paulo (<a href=\"https:\/\/www.saopaulo.sp.gov.br\/coronavirus\/planosp\/\" target=\"_blank\" rel=\"noopener noreferrer\">clique aqui e acesse o plano na \u00edntegra).<\/a><\/p>\n<p>Em um primeiro momento, as escolas v\u00e3o funcionar com apenas 20% da capacidade. A segunda etapa ter\u00e1 50% dos alunos, e na etapa final 100% dos estudantes ser\u00e3o liberados.<\/p>\n<p>As aulas presenciais na cidade do Rio de Janeiro devem voltar parcialmente nas escolas e creches das redes de ensino municipal e privada no dia 2 de julho, conforme a terceira fase do Plano de Retorno das Atividades Econ\u00f4micas, publicado na noite do dia 02 de junho.<\/p>\n<p>O plano tem seis fases, cada uma prevista para ocorrer a cada 15 dias, desde que a curva de incid\u00eancia da Covid-19 e o n\u00famero de leitos em UTI nos hospitais da rede p\u00fablica estejam dentro do previsto pela Prefeitura do Rio. Em cada etapa \u00e9 previsto um bloco de estabelecimentos que poder\u00e1 iniciar as atividades. As informa\u00e7\u00f5es s\u00e3o da Ag\u00eancia Brasil.<\/p>\n<p><strong>Suspens\u00e3o<\/strong><\/p>\n<p>A suspens\u00e3o das atividades escolares presenciais por causa da pandemia do novo coronav\u00edrus (Sars-CoV-2), t\u00eam sido prejudiciais a milhares de estudantes brasileiros. Segundo o Fundo das Na\u00e7\u00f5es Unidas para a Inf\u00e2ncia (Unicef), ficar longe da escola exp\u00f5e crian\u00e7as e adolescentes a riscos maiores de viol\u00eancia f\u00edsica e psicol\u00f3gica, explora\u00e7\u00e3o sexual e abandono dos estudos.<\/p>\n<p>Nos pa\u00edses em que o n\u00famero de casos da doen\u00e7a j\u00e1 retrocedeu, a retomada das aulas ocorre gradualmente, seguindo protocolos r\u00edgidos de higiene. J\u00e1 no Brasil, que contabiliza 710.887 casos confirmados do novo coronav\u00edrus e 37.312 mortes (conforme boletim Boletim Epidemiol\u00f3gico do Minist\u00e9rio da Sa\u00fade), o retorno das escolas seria um massacre com salas de aula lotadas, sem \u00e1gua ou esgoto encanado (em alguns estados), sem levar em considera\u00e7\u00e3o o transporte p\u00fablico abarrotado de pessoas.<\/p>\n","protected":false},"excerpt":{"rendered":"<p>Devido a Covid-19, aulas presenciais est\u00e3o suspensas desde mar\u00e7o. Ainda n\u00e3o h\u00e1 decis\u00e3o sobre a data em que as escolas v\u00e3o reabrir no Estado Em&#8230;<\/p>\n","protected":false},"author":1182,"featured_media":29744,"comment_status":"closed","ping_status":"closed","sticky":false,"template":"","format":"standard","meta":{"footnotes":""},"categories":[6],"tags":[2786,61,300,3160,192,3161,366,3159],"class_list":["post-29743","post","type-post","status-publish","format-standard","has-post-thumbnail","hentry","category-noticias","tag-aulas","tag-brasil","tag-decisao","tag-escolas","tag-governo","tag-reabertura","tag-sao-paulo","tag-volta"],"_links":{"self":[{"href":"https:\/\/www.sincomam.org.br\/index.php\/wp-json\/wp\/v2\/posts\/29743","targetHints":{"allow":["GET"]}}],"collection":[{"href":"https:\/\/www.sincomam.org.br\/index.php\/wp-json\/wp\/v2\/posts"}],"about":[{"href":"https:\/\/www.sincomam.org.br\/index.php\/wp-json\/wp\/v2\/types\/post"}],"author":[{"embeddable":true,"href":"https:\/\/www.sincomam.org.br\/index.php\/wp-json\/wp\/v2\/users\/1182"}],"replies":[{"embeddable":true,"href":"https:\/\/www.sincomam.org.br\/index.php\/wp-json\/wp\/v2\/comments?post=29743"}],"version-history":[{"count":8,"href":"https:\/\/www.sincomam.org.br\/index.php\/wp-json\/wp\/v2\/posts\/29743\/revisions"}],"predecessor-version":[{"id":29761,"href":"https:\/\/www.sincomam.org.br\/index.php\/wp-json\/wp\/v2\/posts\/29743\/revisions\/29761"}],"wp:featuredmedia":[{"embeddable":true,"href":"https:\/\/www.sincomam.org.br\/index.php\/wp-json\/wp\/v2\/media\/29744"}],"wp:attachment":[{"href":"https:\/\/www.sincomam.org.br\/index.php\/wp-json\/wp\/v2\/media?parent=29743"}],"wp:term":[{"taxonomy":"category","embeddable":true,"href":"https:\/\/www.sincomam.org.br\/index.php\/wp-json\/wp\/v2\/categories?post=29743"},{"taxonomy":"post_tag","embeddable":true,"href":"https:\/\/www.sincomam.org.br\/index.php\/wp-json\/wp\/v2\/tags?post=29743"}],"curies":[{"name":"wp","href":"https:\/\/api.w.org\/{rel}","templated":true}]}}