{"id":29734,"date":"2020-06-08T11:18:02","date_gmt":"2020-06-08T14:18:02","guid":{"rendered":"http:\/\/www.sincomam.org.br\/?p=29734"},"modified":"2020-06-08T11:18:02","modified_gmt":"2020-06-08T14:18:02","slug":"exercito-vai-contratar-522-profissionais-para-obras-de-infraestrutura","status":"publish","type":"post","link":"https:\/\/www.sincomam.org.br\/index.php\/exercito-vai-contratar-522-profissionais-para-obras-de-infraestrutura\/","title":{"rendered":"Ex\u00e9rcito vai contratar 522 profissionais para obras de infraestrutura"},"content":{"rendered":"<p><strong><em>Autoriza\u00e7\u00e3o foi publicada hoje (8) no Di\u00e1rio Oficial da Uni\u00e3o<\/em><\/strong><\/p>\n<p>O Ex\u00e9rcito vai contratar temporariamente 522 profissionais de diversas \u00e1reas para trabalhar em obras de infraestrutura. Portaria publicada hoje (8) no Di\u00e1rio Oficial da Uni\u00e3o diz que os profissionais ser\u00e3o contratados por meio de processo seletivo simplificado ou mediante a an\u00e1lise de curriculum vitae, quando couber, para atuar em projetos no \u00e2mbito do Comando do Ex\u00e9rcito.<\/p>\n<p>Segundo a portaria, ser\u00e3o selecionados profissionais como arquitetos, ge\u00f3logos, contadores, t\u00e9cnicos em carpintaria, eletricidade e telecomunica\u00e7\u00f5es, entre outros, para trabalhar em atividades relacionadas a projetos e obras de engenharia de constru\u00e7\u00e3o, obras p\u00fablicas de infraestrutura, atividades de mapeamento cartogr\u00e1fico terrestre, a\u00e7\u00f5es de log\u00edstica e implanta\u00e7\u00e3o de projetos estrat\u00e9gicos.<\/p>\n<p>As contrata\u00e7\u00f5es foram autorizadas pelo ministro da Defesa, Fernando Azevedo Silva, e pelo secret\u00e1rio Especial de Desburocratiza\u00e7\u00e3o, Gest\u00e3o e Governo Digital, do Minist\u00e9rio da Economia, Paulo Spencer Uebel, com a justificativa que as contrata\u00e7\u00f5es ir\u00e3o atender &#8220;necessidade tempor\u00e1ria de excepcional interesse p\u00fablico&#8221;.<\/p>\n<p>As despesas com as contrata\u00e7\u00f5es correr\u00e3o \u00e0 conta de dota\u00e7\u00f5es or\u00e7ament\u00e1rias do Minist\u00e9rio da Defesa. Segundo a portaria, o edital de abertura das inscri\u00e7\u00f5es dever\u00e1 prever o n\u00famero de vagas, a \u00e1rea de atua\u00e7\u00e3o, a descri\u00e7\u00e3o das atribui\u00e7\u00f5es, a remunera\u00e7\u00e3o e o prazo de dura\u00e7\u00e3o dos contratos.<\/p>\n<p>Fonte: Ag\u00eancia Brasil \/ Foto: Ex\u00e9rcito Brasileiro<\/p>\n","protected":false},"excerpt":{"rendered":"<p>Autoriza\u00e7\u00e3o foi publicada hoje (8) no Di\u00e1rio Oficial da Uni\u00e3o O Ex\u00e9rcito vai contratar temporariamente 522 profissionais de diversas \u00e1reas para trabalhar em obras de&#8230;<\/p>\n","protected":false},"author":1182,"featured_media":29735,"comment_status":"closed","ping_status":"closed","sticky":false,"template":"","format":"standard","meta":{"footnotes":""},"categories":[6],"tags":[147,837,136,126,1011],"class_list":["post-29734","post","type-post","status-publish","format-standard","has-post-thumbnail","hentry","category-noticias","tag-contratacao","tag-exercito","tag-infraestrutura","tag-obras","tag-profissionais"],"_links":{"self":[{"href":"https:\/\/www.sincomam.org.br\/index.php\/wp-json\/wp\/v2\/posts\/29734","targetHints":{"allow":["GET"]}}],"collection":[{"href":"https:\/\/www.sincomam.org.br\/index.php\/wp-json\/wp\/v2\/posts"}],"about":[{"href":"https:\/\/www.sincomam.org.br\/index.php\/wp-json\/wp\/v2\/types\/post"}],"author":[{"embeddable":true,"href":"https:\/\/www.sincomam.org.br\/index.php\/wp-json\/wp\/v2\/users\/1182"}],"replies":[{"embeddable":true,"href":"https:\/\/www.sincomam.org.br\/index.php\/wp-json\/wp\/v2\/comments?post=29734"}],"version-history":[{"count":1,"href":"https:\/\/www.sincomam.org.br\/index.php\/wp-json\/wp\/v2\/posts\/29734\/revisions"}],"predecessor-version":[{"id":29736,"href":"https:\/\/www.sincomam.org.br\/index.php\/wp-json\/wp\/v2\/posts\/29734\/revisions\/29736"}],"wp:featuredmedia":[{"embeddable":true,"href":"https:\/\/www.sincomam.org.br\/index.php\/wp-json\/wp\/v2\/media\/29735"}],"wp:attachment":[{"href":"https:\/\/www.sincomam.org.br\/index.php\/wp-json\/wp\/v2\/media?parent=29734"}],"wp:term":[{"taxonomy":"category","embeddable":true,"href":"https:\/\/www.sincomam.org.br\/index.php\/wp-json\/wp\/v2\/categories?post=29734"},{"taxonomy":"post_tag","embeddable":true,"href":"https:\/\/www.sincomam.org.br\/index.php\/wp-json\/wp\/v2\/tags?post=29734"}],"curies":[{"name":"wp","href":"https:\/\/api.w.org\/{rel}","templated":true}]}}