{"id":29732,"date":"2020-06-08T11:09:38","date_gmt":"2020-06-08T14:09:38","guid":{"rendered":"http:\/\/www.sincomam.org.br\/?p=29732"},"modified":"2020-06-08T11:09:38","modified_gmt":"2020-06-08T14:09:38","slug":"petrobras-anuncia-que-registrou-recorde-de-exportacao-de-oleos-combustiveis","status":"publish","type":"post","link":"https:\/\/www.sincomam.org.br\/index.php\/petrobras-anuncia-que-registrou-recorde-de-exportacao-de-oleos-combustiveis\/","title":{"rendered":"Petrobras anuncia que registrou recorde de exporta\u00e7\u00e3o de \u00f3leos combust\u00edveis"},"content":{"rendered":"<p>A Petrobras informa que exportou 1,11 milh\u00e3o de toneladas de \u00f3leo combust\u00edvel no m\u00eas de maio, superando em 10% o recorde anterior atingido em fevereiro de 2020. Segundo comunicado da estatal, a quantidade exportada de \u00f3leo combust\u00edvel foi 231% superior ao volume exportado em maio do ano passado.<\/p>\n<p>\u201c\u00c9 importante destacar que, em 01\/01\/2020, entrou em vigor a nova especifica\u00e7\u00e3o mundial dos combust\u00edveis mar\u00edtimos (IMO 2020), que reduziu de 3,5% para 0,5% o limite de teor de enxofre no \u00f3leo combust\u00edvel, o que tem gerado uma oportunidade \u00fanica para a Petrobras, que produz petr\u00f3leo e \u00f3leo combust\u00edvel com baixo teor de enxofre\u201d, ressaltou a Petrobras, em nota.<\/p>\n<p><strong>Recorde<\/strong><\/p>\n<p>O recorde das exporta\u00e7\u00f5es ocorre em um per\u00edodo desafiador da economia mundial com redu\u00e7\u00e3o da demanda global por petr\u00f3leo e derivados ocasionada pela pandemia do COVID-19. A estrat\u00e9gia de diversifica\u00e7\u00e3o dos destinos das exporta\u00e7\u00f5es de \u00f3leo combust\u00edvel tem se mostrado eficaz na captura de maior participa\u00e7\u00e3o no mercado externo.<\/p>\n<p>A Petrobras refor\u00e7a que o recorde alcan\u00e7ado reflete o resultado das a\u00e7\u00f5es tomadas pela companhia durante a crise para retornar a produ\u00e7\u00e3o da \u00e1rea de Explora\u00e7\u00e3o e Produ\u00e7\u00e3o e readequar as cargas de refino focando nos produtos que maximizam a margem da companhia sem pressionar os estoques.<\/p>\n<p><em>Com informa\u00e7\u00f5es da Ag\u00eancia Petrobras<\/em><\/p>\n","protected":false},"excerpt":{"rendered":"<p>A Petrobras informa que exportou 1,11 milh\u00e3o de toneladas de \u00f3leo combust\u00edvel no m\u00eas de maio, superando em 10% o recorde anterior atingido em fevereiro&#8230;<\/p>\n","protected":false},"author":1182,"featured_media":29388,"comment_status":"closed","ping_status":"closed","sticky":false,"template":"","format":"standard","meta":{"footnotes":""},"categories":[6],"tags":[177,151,3153,58,62],"class_list":["post-29732","post","type-post","status-publish","format-standard","has-post-thumbnail","hentry","category-noticias","tag-combustiveis","tag-exportacao","tag-oleos","tag-petrobras","tag-recorde"],"_links":{"self":[{"href":"https:\/\/www.sincomam.org.br\/index.php\/wp-json\/wp\/v2\/posts\/29732","targetHints":{"allow":["GET"]}}],"collection":[{"href":"https:\/\/www.sincomam.org.br\/index.php\/wp-json\/wp\/v2\/posts"}],"about":[{"href":"https:\/\/www.sincomam.org.br\/index.php\/wp-json\/wp\/v2\/types\/post"}],"author":[{"embeddable":true,"href":"https:\/\/www.sincomam.org.br\/index.php\/wp-json\/wp\/v2\/users\/1182"}],"replies":[{"embeddable":true,"href":"https:\/\/www.sincomam.org.br\/index.php\/wp-json\/wp\/v2\/comments?post=29732"}],"version-history":[{"count":1,"href":"https:\/\/www.sincomam.org.br\/index.php\/wp-json\/wp\/v2\/posts\/29732\/revisions"}],"predecessor-version":[{"id":29733,"href":"https:\/\/www.sincomam.org.br\/index.php\/wp-json\/wp\/v2\/posts\/29732\/revisions\/29733"}],"wp:featuredmedia":[{"embeddable":true,"href":"https:\/\/www.sincomam.org.br\/index.php\/wp-json\/wp\/v2\/media\/29388"}],"wp:attachment":[{"href":"https:\/\/www.sincomam.org.br\/index.php\/wp-json\/wp\/v2\/media?parent=29732"}],"wp:term":[{"taxonomy":"category","embeddable":true,"href":"https:\/\/www.sincomam.org.br\/index.php\/wp-json\/wp\/v2\/categories?post=29732"},{"taxonomy":"post_tag","embeddable":true,"href":"https:\/\/www.sincomam.org.br\/index.php\/wp-json\/wp\/v2\/tags?post=29732"}],"curies":[{"name":"wp","href":"https:\/\/api.w.org\/{rel}","templated":true}]}}