{"id":29730,"date":"2020-06-08T10:58:42","date_gmt":"2020-06-08T13:58:42","guid":{"rendered":"http:\/\/www.sincomam.org.br\/?p=29730"},"modified":"2020-06-08T10:58:42","modified_gmt":"2020-06-08T13:58:42","slug":"caixa-libera-hoje-saque-da-2a-parcela-dos-r-600-para-nascidos-em-agosto","status":"publish","type":"post","link":"https:\/\/www.sincomam.org.br\/index.php\/caixa-libera-hoje-saque-da-2a-parcela-dos-r-600-para-nascidos-em-agosto\/","title":{"rendered":"Caixa libera hoje saque da 2\u00aa parcela dos R$ 600 para nascidos em agosto"},"content":{"rendered":"<p>A partir desta segunda-feira (8), aniversariantes de agosto podem sacar a 2\u00aa parcela do aux\u00edlio emergencial de R$ 600 ou transferir o dinheiro para qualquer banco. Isso vale s\u00f3 para quem recebeu a 1\u00aa parcela at\u00e9 30 de abril.<\/p>\n<p>Todos esses benefici\u00e1rios receberam dep\u00f3sito em poupan\u00e7a digital da Caixa at\u00e9 26 de maio, mas o saque em esp\u00e9cie e a possibilidade de transferir o dinheiro est\u00e3o sendo autorizados em levas di\u00e1rias, conforme o m\u00eas de nascimento.<\/p>\n<p>Os \u00faltimos a poder sacar ou transferir a 2\u00aa parcela, a partir de 13 de junho, s\u00e3o os nascidos em dezembro. A pessoa n\u00e3o \u00e9 obrigada a sacar no dia da libera\u00e7\u00e3o, porque o dinheiro continua dispon\u00edvel.<\/p>\n<p>A exce\u00e7\u00e3o neste calend\u00e1rio s\u00e3o os benefici\u00e1rios do Bolsa Fam\u00edlia, que tiveram o saque da 2\u00aa parcela liberado durante as \u00faltimas semanas.<\/p>\n<p><strong>O dinheiro fica dispon\u00edvel para saques e transfer\u00eancias:<\/strong><\/p>\n<ul>\n<li>30\/5: nascidos em janeiro<\/li>\n<li>1\u00ba\/6: nascidos em fevereiro<\/li>\n<li>2\/6: nascidos em mar\u00e7o<\/li>\n<li>3\/6: nascidos em abril<\/li>\n<li>4\/6: nascidos em maio<\/li>\n<li>5\/6: nascidos em junho<\/li>\n<li>6\/6: nascidos em julho<\/li>\n<li>8\/6: nascidos em agosto<\/li>\n<li>9\/6: nascidos em setembro<\/li>\n<li>10\/6: nascidos em outubro<\/li>\n<li>12\/6: nascidos em novembro<\/li>\n<li>13\/6: nascidos em dezembro<\/li>\n<\/ul>\n<p>OBS: datas v\u00e1lidas somente para quem recebeu a primeira parcela at\u00e9 30\/4. Benefici\u00e1rios do Bolsa Fam\u00edlia j\u00e1 tiveram o saque da 2\u00aa parcela liberado.<\/p>\n<p><strong>2\u00aa parcela para quem foi aprovado depois <\/strong><\/p>\n<p>Nas \u00faltimas semanas, a Caixa pagou tamb\u00e9m a 1\u00aa parcela para quem teve o cadastro aprovado mais tarde. O pagamento desse novo lote foi feito em etapas e acabou em 29 de maio, com direito a saque imediato. A Caixa ainda n\u00e3o divulgou o calend\u00e1rio de pagamento da 2\u00aa parcela para este grupo.<\/p>\n<p>Fonte: Di\u00e1rio Oficial da Uni\u00e3o\/Minist\u00e9rio da Cidadania<\/p>\n<p><strong>Leia tamb\u00e9m: <a href=\"https:\/\/www.sincomam.org.br\/index.php\/quem-trabalhou-nos-ultimos-3-meses-esta-proibido-de-receber-auxilio-emergencial-de-r-600\/\" target=\"_blank\" rel=\"noopener noreferrer\">Quem trabalhou nos \u00faltimos tr\u00eas meses n\u00e3o tem direito ao aux\u00edlio emergencial<\/a><\/strong><\/p>\n","protected":false},"excerpt":{"rendered":"<p>A partir desta segunda-feira (8), aniversariantes de agosto podem sacar a 2\u00aa parcela do aux\u00edlio emergencial de R$ 600 ou transferir o dinheiro para qualquer&#8230;<\/p>\n","protected":false},"author":1182,"featured_media":4097,"comment_status":"closed","ping_status":"closed","sticky":false,"template":"","format":"standard","meta":{"footnotes":""},"categories":[6],"tags":[3152,1757,390,432,618,204],"class_list":["post-29730","post","type-post","status-publish","format-standard","has-post-thumbnail","hentry","category-noticias","tag-2a-parcela","tag-auxilio","tag-caixa","tag-emergencial","tag-liberado","tag-pagamento"],"_links":{"self":[{"href":"https:\/\/www.sincomam.org.br\/index.php\/wp-json\/wp\/v2\/posts\/29730","targetHints":{"allow":["GET"]}}],"collection":[{"href":"https:\/\/www.sincomam.org.br\/index.php\/wp-json\/wp\/v2\/posts"}],"about":[{"href":"https:\/\/www.sincomam.org.br\/index.php\/wp-json\/wp\/v2\/types\/post"}],"author":[{"embeddable":true,"href":"https:\/\/www.sincomam.org.br\/index.php\/wp-json\/wp\/v2\/users\/1182"}],"replies":[{"embeddable":true,"href":"https:\/\/www.sincomam.org.br\/index.php\/wp-json\/wp\/v2\/comments?post=29730"}],"version-history":[{"count":1,"href":"https:\/\/www.sincomam.org.br\/index.php\/wp-json\/wp\/v2\/posts\/29730\/revisions"}],"predecessor-version":[{"id":29731,"href":"https:\/\/www.sincomam.org.br\/index.php\/wp-json\/wp\/v2\/posts\/29730\/revisions\/29731"}],"wp:featuredmedia":[{"embeddable":true,"href":"https:\/\/www.sincomam.org.br\/index.php\/wp-json\/wp\/v2\/media\/4097"}],"wp:attachment":[{"href":"https:\/\/www.sincomam.org.br\/index.php\/wp-json\/wp\/v2\/media?parent=29730"}],"wp:term":[{"taxonomy":"category","embeddable":true,"href":"https:\/\/www.sincomam.org.br\/index.php\/wp-json\/wp\/v2\/categories?post=29730"},{"taxonomy":"post_tag","embeddable":true,"href":"https:\/\/www.sincomam.org.br\/index.php\/wp-json\/wp\/v2\/tags?post=29730"}],"curies":[{"name":"wp","href":"https:\/\/api.w.org\/{rel}","templated":true}]}}