{"id":29724,"date":"2020-06-05T11:38:50","date_gmt":"2020-06-05T14:38:50","guid":{"rendered":"http:\/\/www.sincomam.org.br\/?p=29724"},"modified":"2020-06-06T17:45:17","modified_gmt":"2020-06-06T20:45:17","slug":"estado-de-sao-paulo-tem-85-mil-mortes-e-1292-mil-casos-de-coronavirus","status":"publish","type":"post","link":"https:\/\/www.sincomam.org.br\/index.php\/estado-de-sao-paulo-tem-85-mil-mortes-e-1292-mil-casos-de-coronavirus\/","title":{"rendered":"Estado de S\u00e3o Paulo tem 8,5 mil mortes e 129,2 mil casos de coronav\u00edrus"},"content":{"rendered":"<p><strong><em>Taxas de ocupa\u00e7\u00e3o de UTIs mant\u00eam-se est\u00e1veis, com 71,4% no Estado e 82,4% na Grande S\u00e3o Paulo<\/em><\/strong><\/p>\n<p>O Governo do Estado de SP informa que foram registrados 8.561 \u00f3bitos e 129.200 casos confirmados pelo novo coronav\u00edrus. Entre as pessoas diagnosticadas com a doen\u00e7a, 23.664 mil foram internadas, curadas e tiveram alta hospitalar.<\/p>\n<p>Segundo informa\u00e7\u00f5es divulgadas pelo governo paulista, as taxas de ocupa\u00e7\u00e3o dos leitos de UTI mant\u00eam-se est\u00e1veis, com 82,4% na Grande S\u00e3o Paulo e 71,4% no Estado. O n\u00famero de pacientes internados \u00e9 de 12.478, sendo 7.679 em enfermaria e 4.799 em unidades de terapia intensiva.<\/p>\n<p><strong>Rio de Janeiro<\/strong><\/p>\n<p>A Secretaria de Estado de Sa\u00fade do Rio de Janeiro informa que registrou, at\u00e9 ontem (04\/06), 60.932 casos confirmados e 6.327 \u00f3bitos por Coronav\u00edrus (Covid-19) no estado. H\u00e1 ainda 1.180 \u00f3bitos em investiga\u00e7\u00e3o e 367 foram descartados. At\u00e9 o momento, entre os casos confirmados, 45.319 pacientes se recuperaram da doen\u00e7a.<\/p>\n<p><strong>Quarentena<\/strong><\/p>\n<p>A Organiza\u00e7\u00e3o Mundial da Sa\u00fade (OMS) recomenda seis crit\u00e9rios para flexibilizar o isolamento social. Mas o Brasil ainda n\u00e3o atende alguns deles. As informa\u00e7\u00f5es s\u00e3o da BBC.<\/p>\n<ul>\n<li>Os novos casos devem ser espor\u00e1dicos e concentrados em certos lugares \u2014 e em um n\u00edvel que n\u00e3o sobrecarregue o sistema de sa\u00fade;<\/li>\n<li>Um pa\u00eds tamb\u00e9m deve fazer testes em massa para identificar os casos e seus contatos, e isolar e tratar a todos;<\/li>\n<li>\u00c9 preciso proteger especialmente locais mais vulner\u00e1veis a surtos, como favelas, por exemplo, e tomar medidas para reduzir o risco de transmiss\u00e3o do v\u00edrus em locais de trabalho;<\/li>\n<li>Tentar impedir a importa\u00e7\u00e3o e exporta\u00e7\u00e3o de casos e garantir que a popula\u00e7\u00e3o esteja consciente e comprometida com as a\u00e7\u00f5es de combate \u00e0 pandemia.<\/li>\n<\/ul>\n<p>&nbsp;<\/p>\n","protected":false},"excerpt":{"rendered":"<p>Taxas de ocupa\u00e7\u00e3o de UTIs mant\u00eam-se est\u00e1veis, com 71,4% no Estado e 82,4% na Grande S\u00e3o Paulo O Governo do Estado de SP informa que&#8230;<\/p>\n","protected":false},"author":1182,"featured_media":28474,"comment_status":"closed","ping_status":"closed","sticky":false,"template":"","format":"standard","meta":{"footnotes":""},"categories":[6],"tags":[],"class_list":["post-29724","post","type-post","status-publish","format-standard","has-post-thumbnail","hentry","category-noticias"],"_links":{"self":[{"href":"https:\/\/www.sincomam.org.br\/index.php\/wp-json\/wp\/v2\/posts\/29724","targetHints":{"allow":["GET"]}}],"collection":[{"href":"https:\/\/www.sincomam.org.br\/index.php\/wp-json\/wp\/v2\/posts"}],"about":[{"href":"https:\/\/www.sincomam.org.br\/index.php\/wp-json\/wp\/v2\/types\/post"}],"author":[{"embeddable":true,"href":"https:\/\/www.sincomam.org.br\/index.php\/wp-json\/wp\/v2\/users\/1182"}],"replies":[{"embeddable":true,"href":"https:\/\/www.sincomam.org.br\/index.php\/wp-json\/wp\/v2\/comments?post=29724"}],"version-history":[{"count":2,"href":"https:\/\/www.sincomam.org.br\/index.php\/wp-json\/wp\/v2\/posts\/29724\/revisions"}],"predecessor-version":[{"id":29726,"href":"https:\/\/www.sincomam.org.br\/index.php\/wp-json\/wp\/v2\/posts\/29724\/revisions\/29726"}],"wp:featuredmedia":[{"embeddable":true,"href":"https:\/\/www.sincomam.org.br\/index.php\/wp-json\/wp\/v2\/media\/28474"}],"wp:attachment":[{"href":"https:\/\/www.sincomam.org.br\/index.php\/wp-json\/wp\/v2\/media?parent=29724"}],"wp:term":[{"taxonomy":"category","embeddable":true,"href":"https:\/\/www.sincomam.org.br\/index.php\/wp-json\/wp\/v2\/categories?post=29724"},{"taxonomy":"post_tag","embeddable":true,"href":"https:\/\/www.sincomam.org.br\/index.php\/wp-json\/wp\/v2\/tags?post=29724"}],"curies":[{"name":"wp","href":"https:\/\/api.w.org\/{rel}","templated":true}]}}