{"id":29720,"date":"2020-06-05T11:07:14","date_gmt":"2020-06-05T14:07:14","guid":{"rendered":"http:\/\/www.sincomam.org.br\/?p=29720"},"modified":"2020-06-05T11:10:59","modified_gmt":"2020-06-05T14:10:59","slug":"covid-19-brasil-tem-614-941-casos-confirmados-e-chega-a-34-021-mortes","status":"publish","type":"post","link":"https:\/\/www.sincomam.org.br\/index.php\/covid-19-brasil-tem-614-941-casos-confirmados-e-chega-a-34-021-mortes\/","title":{"rendered":"Covid-19: Brasil tem 614.941 casos confirmados e chega a 34.021 mortes"},"content":{"rendered":"<p><strong><em>De acordo com o Minist\u00e9rio da Sa\u00fade, 254.963 pessoas foram recuperadas<\/em><\/strong><\/p>\n<p>O Brasil superou a It\u00e1lia em n\u00famero de mortos por contamina\u00e7\u00e3o do novo Coronav\u00edrus. O pa\u00eds contabiliza 34.021 mortes durante a pandemia e est\u00e1 atr\u00e1s apenas do Reino Unido (39.987) e dos Estados Unidos (107.979), segundo o balan\u00e7o di\u00e1rio divulgado pelo Minist\u00e9rio da Sa\u00fade. Foram 1.473 registros de morte inclu\u00eddos em apenas 24 horas.<a href=\"https:\/\/www.sincomam.org.br\/wp-content\/uploads\/2020\/06\/Imagem-Covid-19.jpeg\" target=\"_blank\" rel=\"noopener noreferrer\"><img fetchpriority=\"high\" decoding=\"async\" class=\"wp-image-29721 alignleft\" src=\"https:\/\/www.sincomam.org.br\/wp-content\/uploads\/2020\/06\/Imagem-Covid-19.jpeg\" alt=\"\" width=\"681\" height=\"382\" srcset=\"https:\/\/www.sincomam.org.br\/wp-content\/uploads\/2020\/06\/Imagem-Covid-19.jpeg 754w, https:\/\/www.sincomam.org.br\/wp-content\/uploads\/2020\/06\/Imagem-Covid-19-300x168.jpeg 300w\" sizes=\"(max-width: 681px) 100vw, 681px\" \/><\/a><\/p>\n<p>A atualiza\u00e7\u00e3o do Minist\u00e9rio apresentou 30.925 novas pessoas infectadas por Covid-19, totalizando 614.941 casos confirmados. Desse total de casos, 325.957 est\u00e3o em acompanhamento (53%) e 254.963 foram recuperados (41,5%). Ainda segundo o Minist\u00e9rio da Sa\u00fade, h\u00e1 mais 4.159 suspeitas que est\u00e3o sob investiga\u00e7\u00e3o.<\/p>\n<p>No mundo inteiro, o coronav\u00edrus j\u00e1 fez cerca de 389,6 mil mortes, de acordo com o painel da universidade norte-americana Johns Hopkins.<\/p>\n<p><strong>Balan\u00e7o por Estados<\/strong><\/p>\n<p>O Minist\u00e9rio da Sa\u00fade divulgou tamb\u00e9m a distribui\u00e7\u00e3o dos casos e mortes por complica\u00e7\u00f5es do coronav\u00edrus Sars-Cov-2 por estado brasileiro.<\/p>\n<p>S\u00e3o Paulo continua sendo o epicentro da doen\u00e7a no pa\u00eds, concentrando 129,2 mil casos confirmados e ao menos 8,5 mil mortes. O estado \u00e9 seguido pelo Rio de Janeiro 60,9 mil casos confirmados e 6,3 mil \u00f3bitos.<\/p>\n<p>Em entrevista coletiva no Pal\u00e1cio do Planalto, o secret\u00e1rio substituto de Vigil\u00e2ncia em Sa\u00fade, Eduardo Mac\u00e1rio, declarou que os casos no pa\u00eds seguem crescendo.<\/p>\n<p><em>&#8220;Estamos em um aumento semana ap\u00f3s semana. Estimamos uma estabiliza\u00e7\u00e3o nos pr\u00f3ximos meses. Por conta do per\u00edodo sazonal, diminui a transmiss\u00e3o respirat\u00f3ria no Norte e Nordeste. N\u00e3o \u00e9 poss\u00edvel prever quando ser\u00e1 o pico\u201d, pontuou.<\/em><\/p>\n<p>O Governo do Brasil divulgou hoje (05) que vai enviar recursos para munic\u00edpios criarem Centros de Atendimento e Comunit\u00e1rio para identificar e tratar os casos leves de Covid19. A previs\u00e3o de investimento \u00e9 de R$ 1,2 bilh\u00e3o.<\/p>\n<p><em>Com informa\u00e7\u00f5es do Minist\u00e9rio da Sa\u00fade<\/em><\/p>\n","protected":false},"excerpt":{"rendered":"<p>De acordo com o Minist\u00e9rio da Sa\u00fade, 254.963 pessoas foram recuperadas O Brasil superou a It\u00e1lia em n\u00famero de mortos por contamina\u00e7\u00e3o do novo Coronav\u00edrus&#8230;.<\/p>\n","protected":false},"author":1182,"featured_media":28629,"comment_status":"closed","ping_status":"closed","sticky":false,"template":"","format":"standard","meta":{"footnotes":""},"categories":[6],"tags":[577,61,2752,2751,266,1672,1460,209,378,1005,966,519],"class_list":["post-29720","post","type-post","status-publish","format-standard","has-post-thumbnail","hentry","category-noticias","tag-balanco","tag-brasil","tag-coronavirus","tag-covid-19","tag-eua","tag-europa","tag-infectados","tag-italia","tag-ministerio","tag-mortes","tag-pessoas","tag-saude"],"_links":{"self":[{"href":"https:\/\/www.sincomam.org.br\/index.php\/wp-json\/wp\/v2\/posts\/29720","targetHints":{"allow":["GET"]}}],"collection":[{"href":"https:\/\/www.sincomam.org.br\/index.php\/wp-json\/wp\/v2\/posts"}],"about":[{"href":"https:\/\/www.sincomam.org.br\/index.php\/wp-json\/wp\/v2\/types\/post"}],"author":[{"embeddable":true,"href":"https:\/\/www.sincomam.org.br\/index.php\/wp-json\/wp\/v2\/users\/1182"}],"replies":[{"embeddable":true,"href":"https:\/\/www.sincomam.org.br\/index.php\/wp-json\/wp\/v2\/comments?post=29720"}],"version-history":[{"count":2,"href":"https:\/\/www.sincomam.org.br\/index.php\/wp-json\/wp\/v2\/posts\/29720\/revisions"}],"predecessor-version":[{"id":29723,"href":"https:\/\/www.sincomam.org.br\/index.php\/wp-json\/wp\/v2\/posts\/29720\/revisions\/29723"}],"wp:featuredmedia":[{"embeddable":true,"href":"https:\/\/www.sincomam.org.br\/index.php\/wp-json\/wp\/v2\/media\/28629"}],"wp:attachment":[{"href":"https:\/\/www.sincomam.org.br\/index.php\/wp-json\/wp\/v2\/media?parent=29720"}],"wp:term":[{"taxonomy":"category","embeddable":true,"href":"https:\/\/www.sincomam.org.br\/index.php\/wp-json\/wp\/v2\/categories?post=29720"},{"taxonomy":"post_tag","embeddable":true,"href":"https:\/\/www.sincomam.org.br\/index.php\/wp-json\/wp\/v2\/tags?post=29720"}],"curies":[{"name":"wp","href":"https:\/\/api.w.org\/{rel}","templated":true}]}}