{"id":29713,"date":"2020-06-05T09:46:09","date_gmt":"2020-06-05T12:46:09","guid":{"rendered":"http:\/\/www.sincomam.org.br\/?p=29713"},"modified":"2020-06-05T10:24:44","modified_gmt":"2020-06-05T13:24:44","slug":"projecao-da-firjan-aponta-para-queda-de-64-do-pib-do-rj-em-2020","status":"publish","type":"post","link":"https:\/\/www.sincomam.org.br\/index.php\/projecao-da-firjan-aponta-para-queda-de-64-do-pib-do-rj-em-2020\/","title":{"rendered":"Proje\u00e7\u00e3o da Firjan aponta para queda de 6,4% do PIB do RJ em 2020"},"content":{"rendered":"<p><strong><em>Firjan elabora guia com orienta\u00e7\u00f5es para retomada segura das atividades industriais no RJ<\/em><\/strong><\/p>\n<p>A Federa\u00e7\u00e3o das Ind\u00fastrias do Estado do Rio de Janeiro (Firjan) divulgou, nesta quinta-feira (4), proje\u00e7\u00f5es que apontam uma queda de 6,4% do Produto Interno Bruto (PIB) do estado em 2020.<\/p>\n<p>Se a proje\u00e7\u00e3o se confirmar, o resultado ser\u00e1 o pior registrado desde 2002, quando a s\u00e9rie hist\u00f3rica, baseada em dados divulgados pelo Instituto Brasileiro de Geografia e Estat\u00edstica (IBGE), mudou a metodologia.<\/p>\n<p>Segundo a Firjan, a diminui\u00e7\u00e3o do PIB \u00e9 um reflexo dos impactos da pandemia do novo coronav\u00edrus e do cen\u00e1rio econ\u00f4mico, pol\u00edtico e social. Os dados foram divulgados atrav\u00e9s do estudo \u201cRio de Janeiro: resultados e perspectivas para o PIB\u201d.<\/p>\n<p>A federa\u00e7\u00e3o estima, apenas no primeiro trimestre do ano, uma queda de 0,6% se comparado com o mesmo per\u00edodo do ano passado. Em compara\u00e7\u00e3o com o quarto trimestre de 2019, foi registrado um recuo de 1,9%.<\/p>\n<p>A Firjan informou ainda as proje\u00e7\u00f5es para setores espec\u00edficos neste ano. Em servi\u00e7os, a proje\u00e7\u00e3o \u00e9 de queda de 6,7%. De acordo com a federa\u00e7\u00e3o, a ind\u00fastria deve apresentar diminui\u00e7\u00e3o de 6,3%.<\/p>\n<p>Na ind\u00fastria extrativa, a estimativa \u00e9 um recuo de 7,3%, por conta da retra\u00e7\u00e3o da economia mundial e dos impactos na demanda por \u00f3leo e g\u00e1s. Na constru\u00e7\u00e3o civil, a retra\u00e7\u00e3o projetada \u00e9 de 6,2%.<\/p>\n<p>Para a ind\u00fastria da transforma\u00e7\u00e3o, a proje\u00e7\u00e3o \u00e9 diminui\u00e7\u00e3o de 5,9%. Para chegar ao resultado, a Firjan considerou poss\u00edveis impactos negativos da crise argentina sobre as exporta\u00e7\u00f5es, como a do setor automotivo, e a menor demanda externa para o setor da metalurgia.<\/p>\n<p>A federa\u00e7\u00e3o apontou que a recupera\u00e7\u00e3o da economia do Rio de Janeiro deve ser lenta e destacou que as proje\u00e7\u00f5es consideram o fim das medidas restritivas na segunda semana de junho. Dessa forma, se a retomada das atividades levar mais tempo, a Firjan n\u00e3o descarta uma queda ainda mais acentuada.<\/p>\n<p>Fonte: G1<\/p>\n","protected":false},"excerpt":{"rendered":"<p>Firjan elabora guia com orienta\u00e7\u00f5es para retomada segura das atividades industriais no RJ A Federa\u00e7\u00e3o das Ind\u00fastrias do Estado do Rio de Janeiro (Firjan) divulgou,&#8230;<\/p>\n","protected":false},"author":1182,"featured_media":8172,"comment_status":"closed","ping_status":"closed","sticky":false,"template":"","format":"standard","meta":{"footnotes":""},"categories":[6],"tags":[2752,1108,68,293,1051,59],"class_list":["post-29713","post","type-post","status-publish","format-standard","has-post-thumbnail","hentry","category-noticias","tag-coronavirus","tag-firjan","tag-industria","tag-pib","tag-queda","tag-rio-de-janeiro"],"_links":{"self":[{"href":"https:\/\/www.sincomam.org.br\/index.php\/wp-json\/wp\/v2\/posts\/29713","targetHints":{"allow":["GET"]}}],"collection":[{"href":"https:\/\/www.sincomam.org.br\/index.php\/wp-json\/wp\/v2\/posts"}],"about":[{"href":"https:\/\/www.sincomam.org.br\/index.php\/wp-json\/wp\/v2\/types\/post"}],"author":[{"embeddable":true,"href":"https:\/\/www.sincomam.org.br\/index.php\/wp-json\/wp\/v2\/users\/1182"}],"replies":[{"embeddable":true,"href":"https:\/\/www.sincomam.org.br\/index.php\/wp-json\/wp\/v2\/comments?post=29713"}],"version-history":[{"count":1,"href":"https:\/\/www.sincomam.org.br\/index.php\/wp-json\/wp\/v2\/posts\/29713\/revisions"}],"predecessor-version":[{"id":29714,"href":"https:\/\/www.sincomam.org.br\/index.php\/wp-json\/wp\/v2\/posts\/29713\/revisions\/29714"}],"wp:featuredmedia":[{"embeddable":true,"href":"https:\/\/www.sincomam.org.br\/index.php\/wp-json\/wp\/v2\/media\/8172"}],"wp:attachment":[{"href":"https:\/\/www.sincomam.org.br\/index.php\/wp-json\/wp\/v2\/media?parent=29713"}],"wp:term":[{"taxonomy":"category","embeddable":true,"href":"https:\/\/www.sincomam.org.br\/index.php\/wp-json\/wp\/v2\/categories?post=29713"},{"taxonomy":"post_tag","embeddable":true,"href":"https:\/\/www.sincomam.org.br\/index.php\/wp-json\/wp\/v2\/tags?post=29713"}],"curies":[{"name":"wp","href":"https:\/\/api.w.org\/{rel}","templated":true}]}}