{"id":29682,"date":"2020-06-03T10:43:18","date_gmt":"2020-06-03T13:43:18","guid":{"rendered":"http:\/\/www.sincomam.org.br\/?p=29682"},"modified":"2020-06-03T10:43:18","modified_gmt":"2020-06-03T13:43:18","slug":"antaq-publica-resolucao-sobre-circulacao-de-trabalhadores-e-movimentacao-de-cargas","status":"publish","type":"post","link":"https:\/\/www.sincomam.org.br\/index.php\/antaq-publica-resolucao-sobre-circulacao-de-trabalhadores-e-movimentacao-de-cargas\/","title":{"rendered":"Antaq publica resolu\u00e7\u00e3o sobre circula\u00e7\u00e3o de trabalhadores e movimenta\u00e7\u00e3o de cargas"},"content":{"rendered":"<p><strong><em>Ag\u00eancia reitera a import\u00e2ncia de se obedecer aos protocolos determinados pela autoridade sanit\u00e1ria em virtude da COVID-19<\/em><\/strong><\/p>\n<p>A Antaq publicou no Di\u00e1rio Oficial da Uni\u00e3o, nesta segunda-feira (1), a Resolu\u00e7\u00e3o N\u00ba 7.781, de 29 de maio de 2020. No normativo, a Ag\u00eancia orienta para que portos organizados, as instala\u00e7\u00f5es portu\u00e1rias e as empresas que atuem no transporte aquavi\u00e1rio mantenham a circula\u00e7\u00e3o de trabalhadores que possa afetar o funcionamento de servi\u00e7os p\u00fablicos e atividades essenciais; e a movimenta\u00e7\u00e3o de cargas necess\u00e1rias \u00e0 popula\u00e7\u00e3o, evitando, assim, o desabastecimento.<\/p>\n<p>A Ag\u00eancia reitera que a circula\u00e7\u00e3o de trabalhadores e a movimenta\u00e7\u00e3o de cargas devem acontecer com a observ\u00e2ncia e o cumprimento das recomenda\u00e7\u00f5es, orienta\u00e7\u00f5es e protocolos das autoridades p\u00fablicas federais, especialmente da Ag\u00eancia Nacional de Vigil\u00e2ncia Sanit\u00e1ria (Anvisa) para o enfrentamento da COVID-19 em portos, embarca\u00e7\u00f5es e fronteiras<\/p>\n<p>A Resolu\u00e7\u00e3o tamb\u00e9m flexibiliza o cumprimento da frequ\u00eancia de viagens do esquema operacional, exceto no hor\u00e1rio de pico, quando for o caso, das empresas autorizadas para o transporte aquavi\u00e1rio de passageiros em raz\u00e3o da pandemia.<\/p>\n<p>O normativo ressalta que \u201cN\u00e3o se caracteriza como descontinuidade do servi\u00e7o p\u00fablico de transporte de passageiros a interrup\u00e7\u00e3o de viagem em situa\u00e7\u00e3o de evento de sa\u00fade relacionado \u00e0 COVID-19\u201d. A suspens\u00e3o ou interrup\u00e7\u00e3o de viagem em raz\u00e3o de fatos relacionados \u00e0 doen\u00e7a dever\u00e3o ser comunicados \u00e0 Antaq e aos usu\u00e1rios. A Resolu\u00e7\u00e3o Antaq n\u00ba 7.653, de 31 de mar\u00e7o de 2020, fica revogada.<\/p>\n<p><em>Com informa\u00e7\u00f5es da ANTAQ<\/em><\/p>\n","protected":false},"excerpt":{"rendered":"<p>Ag\u00eancia reitera a import\u00e2ncia de se obedecer aos protocolos determinados pela autoridade sanit\u00e1ria em virtude da COVID-19 A Antaq publicou no Di\u00e1rio Oficial da Uni\u00e3o,&#8230;<\/p>\n","protected":false},"author":1182,"featured_media":20206,"comment_status":"closed","ping_status":"closed","sticky":false,"template":"","format":"standard","meta":{"footnotes":""},"categories":[6],"tags":[301,191,2752,237,69,1035,534,1140],"class_list":["post-29682","post","type-post","status-publish","format-standard","has-post-thumbnail","hentry","category-noticias","tag-antaq","tag-cargas","tag-coronavirus","tag-movimentacao","tag-portos","tag-publicacao","tag-resolucao","tag-trabalhadores"],"_links":{"self":[{"href":"https:\/\/www.sincomam.org.br\/index.php\/wp-json\/wp\/v2\/posts\/29682","targetHints":{"allow":["GET"]}}],"collection":[{"href":"https:\/\/www.sincomam.org.br\/index.php\/wp-json\/wp\/v2\/posts"}],"about":[{"href":"https:\/\/www.sincomam.org.br\/index.php\/wp-json\/wp\/v2\/types\/post"}],"author":[{"embeddable":true,"href":"https:\/\/www.sincomam.org.br\/index.php\/wp-json\/wp\/v2\/users\/1182"}],"replies":[{"embeddable":true,"href":"https:\/\/www.sincomam.org.br\/index.php\/wp-json\/wp\/v2\/comments?post=29682"}],"version-history":[{"count":1,"href":"https:\/\/www.sincomam.org.br\/index.php\/wp-json\/wp\/v2\/posts\/29682\/revisions"}],"predecessor-version":[{"id":29683,"href":"https:\/\/www.sincomam.org.br\/index.php\/wp-json\/wp\/v2\/posts\/29682\/revisions\/29683"}],"wp:featuredmedia":[{"embeddable":true,"href":"https:\/\/www.sincomam.org.br\/index.php\/wp-json\/wp\/v2\/media\/20206"}],"wp:attachment":[{"href":"https:\/\/www.sincomam.org.br\/index.php\/wp-json\/wp\/v2\/media?parent=29682"}],"wp:term":[{"taxonomy":"category","embeddable":true,"href":"https:\/\/www.sincomam.org.br\/index.php\/wp-json\/wp\/v2\/categories?post=29682"},{"taxonomy":"post_tag","embeddable":true,"href":"https:\/\/www.sincomam.org.br\/index.php\/wp-json\/wp\/v2\/tags?post=29682"}],"curies":[{"name":"wp","href":"https:\/\/api.w.org\/{rel}","templated":true}]}}