{"id":29677,"date":"2020-06-03T10:36:45","date_gmt":"2020-06-03T13:36:45","guid":{"rendered":"http:\/\/www.sincomam.org.br\/?p=29677"},"modified":"2020-06-03T10:36:45","modified_gmt":"2020-06-03T13:36:45","slug":"com-pandemia-producao-industrial-tem-queda-recorde-de-188-em-abril-diz-ibge","status":"publish","type":"post","link":"https:\/\/www.sincomam.org.br\/index.php\/com-pandemia-producao-industrial-tem-queda-recorde-de-188-em-abril-diz-ibge\/","title":{"rendered":"Com pandemia, produ\u00e7\u00e3o industrial tem queda recorde de 18,8% em abril, diz IBGE"},"content":{"rendered":"<p><strong><em>Na compara\u00e7\u00e3o com o mesmo per\u00edodo do ano passado, recuo \u00e9 de 27,2%<\/em><\/strong><\/p>\n<p>A pandemia provocada pelo coronav\u00edrus fez com que a produ\u00e7\u00e3o industrial do Brasil desabasse no m\u00eas de abril, que come\u00e7ou e terminou com medidas de distanciamento social decretadas em todo o pa\u00eds. De acordo com o Instituto Brasileiro de Geografia e Estat\u00edstica (IBGE), a queda de 18,8% na compara\u00e7\u00e3o com mar\u00e7o \u00e9 a pior da hist\u00f3ria.<\/p>\n<p>Em compara\u00e7\u00e3o com abril do ano passado, os efeitos s\u00e3o ainda mais sentidos, com recuo de 27,2%. \u00c9 o sexto resultado negativo nessa base de an\u00e1lise.<\/p>\n<p>O registro negativo divulgado nesta quarta-feira (3) pelo IBGE superou a queda de 11% de maio de 2018, quando ocorreu a greve dos caminhoneiros. Por\u00e9m, aquela produ\u00e7\u00e3o foi reposta no m\u00eas seguinte, algo que n\u00e3o ser\u00e1 visto agora, j\u00e1 que as medidas de distanciamento social continuaram.<\/p>\n<p>A queda foi generalizada e atingiu todas as categorias da pesquisa e a maioria dos ramos pesquisados. A principal influ\u00eancia negativa veio do setor automotivo: em abril, 64 das 65 f\u00e1bricas de autom\u00f3veis no Brasil suspenderam suas opera\u00e7\u00f5es.<\/p>\n<p>O primeiro \u00f3bito conhecido de covid-19 no pa\u00eds ocorreu no dia 17 de mar\u00e7o. A partir da\u00ed, com o avan\u00e7o da doen\u00e7a, o pa\u00eds promoveu o distanciamento social como forma de combater a pandemia. Em abril, os efeitos econ\u00f4micos come\u00e7aram a ser sentidos com mais intensidade, j\u00e1 que as medidas restritivas duraram do come\u00e7o ao fim do m\u00eas.<\/p>\n<p>Diante desse cen\u00e1rio, a covid-19 intensificou o aumento do desemprego no Brasil, que chegou a 12,6% no trimestre encerrado em abril, e contribuiu para que 4,9 milh\u00f5es de postos de trabalho fossem perdidos. A popula\u00e7\u00e3o ocupada teve uma queda recorde de 5,2% na compara\u00e7\u00e3o com o trimestre anterior.<\/p>\n","protected":false},"excerpt":{"rendered":"<p>Na compara\u00e7\u00e3o com o mesmo per\u00edodo do ano passado, recuo \u00e9 de 27,2% A pandemia provocada pelo coronav\u00edrus fez com que a produ\u00e7\u00e3o industrial do&#8230;<\/p>\n","protected":false},"author":1182,"featured_media":4802,"comment_status":"closed","ping_status":"closed","sticky":false,"template":"","format":"standard","meta":{"footnotes":""},"categories":[6],"tags":[61,2752,833,1848,505,2755,76,1051,62],"class_list":["post-29677","post","type-post","status-publish","format-standard","has-post-thumbnail","hentry","category-noticias","tag-brasil","tag-coronavirus","tag-desemprego","tag-ibge","tag-industrial","tag-pandemia","tag-producao","tag-queda","tag-recorde"],"_links":{"self":[{"href":"https:\/\/www.sincomam.org.br\/index.php\/wp-json\/wp\/v2\/posts\/29677","targetHints":{"allow":["GET"]}}],"collection":[{"href":"https:\/\/www.sincomam.org.br\/index.php\/wp-json\/wp\/v2\/posts"}],"about":[{"href":"https:\/\/www.sincomam.org.br\/index.php\/wp-json\/wp\/v2\/types\/post"}],"author":[{"embeddable":true,"href":"https:\/\/www.sincomam.org.br\/index.php\/wp-json\/wp\/v2\/users\/1182"}],"replies":[{"embeddable":true,"href":"https:\/\/www.sincomam.org.br\/index.php\/wp-json\/wp\/v2\/comments?post=29677"}],"version-history":[{"count":1,"href":"https:\/\/www.sincomam.org.br\/index.php\/wp-json\/wp\/v2\/posts\/29677\/revisions"}],"predecessor-version":[{"id":29678,"href":"https:\/\/www.sincomam.org.br\/index.php\/wp-json\/wp\/v2\/posts\/29677\/revisions\/29678"}],"wp:featuredmedia":[{"embeddable":true,"href":"https:\/\/www.sincomam.org.br\/index.php\/wp-json\/wp\/v2\/media\/4802"}],"wp:attachment":[{"href":"https:\/\/www.sincomam.org.br\/index.php\/wp-json\/wp\/v2\/media?parent=29677"}],"wp:term":[{"taxonomy":"category","embeddable":true,"href":"https:\/\/www.sincomam.org.br\/index.php\/wp-json\/wp\/v2\/categories?post=29677"},{"taxonomy":"post_tag","embeddable":true,"href":"https:\/\/www.sincomam.org.br\/index.php\/wp-json\/wp\/v2\/tags?post=29677"}],"curies":[{"name":"wp","href":"https:\/\/api.w.org\/{rel}","templated":true}]}}