{"id":29649,"date":"2020-06-02T11:07:31","date_gmt":"2020-06-02T14:07:31","guid":{"rendered":"http:\/\/www.sincomam.org.br\/?p=29649"},"modified":"2020-06-02T11:07:31","modified_gmt":"2020-06-02T14:07:31","slug":"covid-19-brasil-chega-a-5264-mil-casos-e-299-mil-mortes","status":"publish","type":"post","link":"https:\/\/www.sincomam.org.br\/index.php\/covid-19-brasil-chega-a-5264-mil-casos-e-299-mil-mortes\/","title":{"rendered":"Covid-19: Brasil chega a 526,4 mil casos e 29,9 mil mortes"},"content":{"rendered":"<p><strong><em>At\u00e9 o momento, 211.080 pacientes est\u00e3o recuperados da doen\u00e7a no pa\u00eds<\/em><\/strong><\/p>\n<p>O balan\u00e7o di\u00e1rio divulgado pelo Minist\u00e9rio da Sa\u00fade trouxe 12.247 novas pessoas infectadas pela covid-19, totalizando 526.447. O resultado marcou um acr\u00e9scimo de 2,3% em rela\u00e7\u00e3o a ontem (31), quando o n\u00famero de pessoas infectadas estava em 514.200.<\/p>\n<p>A atualiza\u00e7\u00e3o do Minist\u00e9rio da Sa\u00fade registrou 623 novas mortes, chegando a 29.937. O resultado representou um aumento de 2,1% em rela\u00e7\u00e3o a ontem, quando foram contabilizados 29.314 falecimentos por covid-19. Geralmente, os dados s\u00e3o menores aos domingos e segunda, quando h\u00e1 menos alimenta\u00e7\u00e3o do banco de dados, e maiores na ter\u00e7a-feira, quando h\u00e1 ac\u00famulo de novos dados do fim de semana.<\/p>\n<p>Do total de casos confirmados, 285.430 est\u00e3o em acompanhamento e 211.080 foram recuperados. H\u00e1 ainda 4.412 \u00f3bitos sendo analisados.<\/p>\n<p>S\u00e3o Paulo se mant\u00e9m como epicentro da pandemia no pa\u00eds, concentrando o maior n\u00famero de falecimentos (7.667). O estado \u00e9 seguido pelo Rio de Janeiro (5.462), Cear\u00e1 (3.188), Par\u00e1 (2.925) e Pernambuco (2.875).<a href=\"https:\/\/www.sincomam.org.br\/wp-content\/uploads\/2020\/06\/Boletim-covid-19-Brasil.jpeg\" target=\"_blank\" rel=\"noopener noreferrer\"><img fetchpriority=\"high\" decoding=\"async\" class=\"alignleft wp-image-29648 \" src=\"https:\/\/www.sincomam.org.br\/wp-content\/uploads\/2020\/06\/Boletim-covid-19-Brasil.jpeg\" alt=\"\" width=\"530\" height=\"296\" srcset=\"https:\/\/www.sincomam.org.br\/wp-content\/uploads\/2020\/06\/Boletim-covid-19-Brasil.jpeg 754w, https:\/\/www.sincomam.org.br\/wp-content\/uploads\/2020\/06\/Boletim-covid-19-Brasil-300x168.jpeg 300w\" sizes=\"(max-width: 530px) 100vw, 530px\" \/><\/a><\/p>\n<p><strong>Mundo<\/strong><\/p>\n<p>De acordo com o mapa global da universidade Johns Hopkins, dos Estados Unidos, o Brasil \u00e9 o segundo colocado em n\u00famero de casos, atr\u00e1s apenas dos Estados Unidos (1,8 milh\u00e3o). O pa\u00eds \u00e9 o quarto no ranking de mortes em decorr\u00eancia da covid-19, atr\u00e1s da It\u00e1lia (33.475), do Reino Unido (39.127) e dos Estados Unidos (104.812). O Brasil cai nos rankings quando os dados s\u00e3o tomados proporcionalmente a sua popula\u00e7\u00e3o.<\/p>\n<p><em>Imagem: Boletim Epidemiol\u00f3gico Especial (BEE) sobre Covid-19, apresentado pelo Minist\u00e9rio da Sa\u00fade, por meio da Secretaria de Vigil\u00e2ncia em Sa\u00fade (SVS\/MS).<\/em><\/p>\n<p>Fonte: Ag\u00eancia Brasil<\/p>\n<p>&nbsp;<\/p>\n","protected":false},"excerpt":{"rendered":"<p>At\u00e9 o momento, 211.080 pacientes est\u00e3o recuperados da doen\u00e7a no pa\u00eds O balan\u00e7o di\u00e1rio divulgado pelo Minist\u00e9rio da Sa\u00fade trouxe 12.247 novas pessoas infectadas pela&#8230;<\/p>\n","protected":false},"author":1182,"featured_media":28629,"comment_status":"closed","ping_status":"closed","sticky":false,"template":"","format":"standard","meta":{"footnotes":""},"categories":[6],"tags":[855,2778,2751,1460,378,1005,1210,3095,59,366,519],"class_list":["post-29649","post","type-post","status-publish","format-standard","has-post-thumbnail","hentry","category-noticias","tag-brasileiros","tag-casos","tag-covid-19","tag-infectados","tag-ministerio","tag-mortes","tag-mundo","tag-novos","tag-rio-de-janeiro","tag-sao-paulo","tag-saude"],"_links":{"self":[{"href":"https:\/\/www.sincomam.org.br\/index.php\/wp-json\/wp\/v2\/posts\/29649","targetHints":{"allow":["GET"]}}],"collection":[{"href":"https:\/\/www.sincomam.org.br\/index.php\/wp-json\/wp\/v2\/posts"}],"about":[{"href":"https:\/\/www.sincomam.org.br\/index.php\/wp-json\/wp\/v2\/types\/post"}],"author":[{"embeddable":true,"href":"https:\/\/www.sincomam.org.br\/index.php\/wp-json\/wp\/v2\/users\/1182"}],"replies":[{"embeddable":true,"href":"https:\/\/www.sincomam.org.br\/index.php\/wp-json\/wp\/v2\/comments?post=29649"}],"version-history":[{"count":1,"href":"https:\/\/www.sincomam.org.br\/index.php\/wp-json\/wp\/v2\/posts\/29649\/revisions"}],"predecessor-version":[{"id":29650,"href":"https:\/\/www.sincomam.org.br\/index.php\/wp-json\/wp\/v2\/posts\/29649\/revisions\/29650"}],"wp:featuredmedia":[{"embeddable":true,"href":"https:\/\/www.sincomam.org.br\/index.php\/wp-json\/wp\/v2\/media\/28629"}],"wp:attachment":[{"href":"https:\/\/www.sincomam.org.br\/index.php\/wp-json\/wp\/v2\/media?parent=29649"}],"wp:term":[{"taxonomy":"category","embeddable":true,"href":"https:\/\/www.sincomam.org.br\/index.php\/wp-json\/wp\/v2\/categories?post=29649"},{"taxonomy":"post_tag","embeddable":true,"href":"https:\/\/www.sincomam.org.br\/index.php\/wp-json\/wp\/v2\/tags?post=29649"}],"curies":[{"name":"wp","href":"https:\/\/api.w.org\/{rel}","templated":true}]}}