{"id":29629,"date":"2020-06-01T11:36:12","date_gmt":"2020-06-01T14:36:12","guid":{"rendered":"http:\/\/www.sincomam.org.br\/?p=29629"},"modified":"2020-06-01T11:36:36","modified_gmt":"2020-06-01T14:36:36","slug":"concurso-marinha-do-brasil-abre-vagas-de-admissao-a-escola-naval","status":"publish","type":"post","link":"https:\/\/www.sincomam.org.br\/index.php\/concurso-marinha-do-brasil-abre-vagas-de-admissao-a-escola-naval\/","title":{"rendered":"Concurso: Marinha do Brasil abre vagas de admiss\u00e3o \u00e0 Escola Naval"},"content":{"rendered":"<p><strong><em>S\u00e3o 22 vagas para candidatos de ambos os sexos. O curso ser\u00e1 realizado em regime de internato<\/em><\/strong><\/p>\n<p>A Marinha do Brasil anunciou o edital de seu Concurso P\u00fablico de Admiss\u00e3o \u00e0 Escola Navalem 2020 (CPAEN\/2020) que ir\u00e1 disponibilizar 22 vagas, sendo 10 para candidatos do sexo masculino e 12 para candidatas do sexo feminino. As oportunidades do concurso Marinha do Brasil s\u00e3o para o Corpo da Armada, Corpo de Fuzileiros Navais e Corpo de Intendentes da Marinha.<\/p>\n<p><strong>Quem pode se inscrever no concurso da Marinha (CPAEN\/2020)?<\/strong><\/p>\n<ul>\n<li>N\u00e3o ser casado ou ter constitu\u00eddo uni\u00e3o est\u00e1vel;<\/li>\n<li>N\u00e3o ter filhos (devendo permanecer assim durante todo o curso);<\/li>\n<li>Ter 18 anos completos e menos de 23 anos de idade em 01 de janeiro de 2021;<\/li>\n<li>Ter entre 1,54m e 2,00m de altura;<\/li>\n<li>Ter conclu\u00eddo ou estar em fase de conclus\u00e3o do 3\u00ba ano de ensino m\u00e9dio.<\/li>\n<\/ul>\n<p><strong>O curso da Escola Naval \u00e9 estruturado da seguinte forma:<\/strong><\/p>\n<ul>\n<li>Ciclo escolar: \u00e9 a gradua\u00e7\u00e3o do Aspirante. A dura\u00e7\u00e3o \u00e9 de quatro anos letivos e ser\u00e1 realizada em regime de internato;<\/li>\n<li>Per\u00edodo de ver\u00e3o: \u00e9 quando ocorrem os est\u00e1gios de adapta\u00e7\u00e3o, de sobreviv\u00eancia no mar, de sobreviv\u00eancia na selva e de viagens de instru\u00e7\u00e3o;<\/li>\n<li>Per\u00edodo acad\u00eamico: s\u00e3o as atividades de ensino, treinamento f\u00edsico e forma\u00e7\u00e3o militar-naval.<\/li>\n<\/ul>\n<p>Quando iniciar o 3\u00ba ano letivo, o acad\u00eamico dever\u00e1 escolher o &#8220;Corpo&#8221; e a &#8220;Habilita\u00e7\u00e3o&#8221;, conforme op\u00e7\u00f5es oferecidas:<\/p>\n<p><strong>Corpo da Armada:<\/strong> Mec\u00e2nica, Eletr\u00f4nica ou Sistemas de Armas;<\/p>\n<p><strong>Corpo de Fuzileiros Navais:<\/strong> Mec\u00e2nica, Eletr\u00f4nica ou Sistemas de Armas;<\/p>\n<p><strong>Corpo de Intendentes da Marinha: <\/strong>Habilita\u00e7\u00e3o em Administra\u00e7\u00e3o.<\/p>\n<p>O curso \u00e9 gratuito e durante sua realiza\u00e7\u00e3o o Aspirante receber\u00e1 o valor bruto de R$ 1.774,12, al\u00e9m de ter direito a alimenta\u00e7\u00e3o, uniforme e assist\u00eancia m\u00e9dico-odontol\u00f3gica, psicol\u00f3gica, social e religiosa.<\/p>\n<p><strong>Inscri\u00e7\u00f5es apenas via internet<\/strong><\/p>\n<p>As inscri\u00e7\u00f5es para o concurso da Marinha (CPAEN\/2020) foram prorrogadas at\u00e9 a data prevista de 07 de junho de 2020 e devem ser feitas por meio do <a href=\"https:\/\/www.marinha.mil.br\/sspm\/?q=concursos\" target=\"_blank\" rel=\"noopener noreferrer\"><strong>site da Marinha do Brasil.<\/strong><\/a><\/p>\n<p>O valor da taxa de inscri\u00e7\u00e3o \u00e9 de R$ 65,00, estando isentos do pagamento os candidatos que perten\u00e7am \u00e0 fam\u00edlia inscrita no Cadastro \u00danico para Programas Sociais (Cad\u00danico) do Governo Federal, desde que possuam renda familiar mensal per capita de at\u00e9 meio sal\u00e1rio-m\u00ednimo nacional e os candidatos doadores de medula \u00f3ssea em entidades reconhecidas pelo Minist\u00e9rio da Sa\u00fade.<\/p>\n<p>Este Concurso P\u00fablico ser\u00e1 v\u00e1lido at\u00e9 o dia 26 de janeiro de 2021, conforme determina o edital de abertura dispon\u00edvel em nosso site<a href=\"https:\/\/www.inscricao.marinha.mil.br\/marinha\/index_concursos.jsp?id_concurso=393\" target=\"_blank\" rel=\"noopener noreferrer\"><strong> (clique aqui).<\/strong><\/a><\/p>\n<p>Fonte: Concursos no Brasil\/ Marinha do Brasil<\/p>\n","protected":false},"excerpt":{"rendered":"<p>S\u00e3o 22 vagas para candidatos de ambos os sexos. O curso ser\u00e1 realizado em regime de internato A Marinha do Brasil anunciou o edital de&#8230;<\/p>\n","protected":false},"author":1182,"featured_media":5915,"comment_status":"closed","ping_status":"closed","sticky":false,"template":"","format":"standard","meta":{"footnotes":""},"categories":[6],"tags":[3115,3113,61,1261,97,1446,1161,1662,336,3114,1003,15,1663,67,834,538],"class_list":["post-29629","post","type-post","status-publish","format-standard","has-post-thumbnail","hentry","category-noticias","tag-armanda","tag-aspirante","tag-brasil","tag-candidatos","tag-concurso","tag-escola","tag-forcas","tag-fuzileiros","tag-inscricoes","tag-intendentes","tag-internet","tag-marinha","tag-navais","tag-naval","tag-taxa","tag-vagas"],"_links":{"self":[{"href":"https:\/\/www.sincomam.org.br\/index.php\/wp-json\/wp\/v2\/posts\/29629","targetHints":{"allow":["GET"]}}],"collection":[{"href":"https:\/\/www.sincomam.org.br\/index.php\/wp-json\/wp\/v2\/posts"}],"about":[{"href":"https:\/\/www.sincomam.org.br\/index.php\/wp-json\/wp\/v2\/types\/post"}],"author":[{"embeddable":true,"href":"https:\/\/www.sincomam.org.br\/index.php\/wp-json\/wp\/v2\/users\/1182"}],"replies":[{"embeddable":true,"href":"https:\/\/www.sincomam.org.br\/index.php\/wp-json\/wp\/v2\/comments?post=29629"}],"version-history":[{"count":1,"href":"https:\/\/www.sincomam.org.br\/index.php\/wp-json\/wp\/v2\/posts\/29629\/revisions"}],"predecessor-version":[{"id":29630,"href":"https:\/\/www.sincomam.org.br\/index.php\/wp-json\/wp\/v2\/posts\/29629\/revisions\/29630"}],"wp:featuredmedia":[{"embeddable":true,"href":"https:\/\/www.sincomam.org.br\/index.php\/wp-json\/wp\/v2\/media\/5915"}],"wp:attachment":[{"href":"https:\/\/www.sincomam.org.br\/index.php\/wp-json\/wp\/v2\/media?parent=29629"}],"wp:term":[{"taxonomy":"category","embeddable":true,"href":"https:\/\/www.sincomam.org.br\/index.php\/wp-json\/wp\/v2\/categories?post=29629"},{"taxonomy":"post_tag","embeddable":true,"href":"https:\/\/www.sincomam.org.br\/index.php\/wp-json\/wp\/v2\/tags?post=29629"}],"curies":[{"name":"wp","href":"https:\/\/api.w.org\/{rel}","templated":true}]}}