{"id":29626,"date":"2020-06-01T11:01:16","date_gmt":"2020-06-01T14:01:16","guid":{"rendered":"http:\/\/www.sincomam.org.br\/?p=29626"},"modified":"2020-06-01T11:01:16","modified_gmt":"2020-06-01T14:01:16","slug":"tribunal-maritimo-realiza-decima-sessao-de-julgamento-por-videoconferencia","status":"publish","type":"post","link":"https:\/\/www.sincomam.org.br\/index.php\/tribunal-maritimo-realiza-decima-sessao-de-julgamento-por-videoconferencia\/","title":{"rendered":"Tribunal Mar\u00edtimo realiza d\u00e9cima sess\u00e3o de julgamento por videoconfer\u00eancia"},"content":{"rendered":"<p><strong><em>Transmiss\u00e3o da sess\u00e3o de julgamento por videoconfer\u00eancia no canal <\/em><\/strong><strong><em>do Tribunal Mar\u00edtimo no YouTube<\/em><\/strong><\/p>\n<p>No dia 28 de maio, o Tribunal Mar\u00edtimo (TM) realizou a 10\u00aa sess\u00e3o de julgamento por videoconfer\u00eancia. A primeira ocorreu no dia 22 de abril e obteve a marca de 421 visualiza\u00e7\u00f5es. A iniciativa tem o objetivo de dar continuidade aos julgamentos enquanto perdurar o estado de emerg\u00eancia causado pela pandemia do novo coronav\u00edrus.<\/p>\n<p>Segundo informa\u00e7\u00f5es divulgadas pela Marinha do Brasil, a realiza\u00e7\u00e3o dos julgamentos por videoconfer\u00eancia foi estabelecida pela Portaria N\u00ba 20, de 08 de abril de 2020 e a publicidade da sess\u00e3o est\u00e1 garantida por sua transmiss\u00e3o ao vivo pelo canal do TM no Youtube.<\/p>\n<p>Os julgamentos e a aprecia\u00e7\u00e3o de representa\u00e7\u00f5es s\u00e3o realizados nesse formato normalmente \u00e0s ter\u00e7as e quintas, \u00e0s 13h30, nos moldes que ocorriam no plen\u00e1rio do Tribunal e tem sido visualizado por uma m\u00e9dia de 150 pessoas a cada sess\u00e3o. Somente nesse per\u00edodo, foram apreciadas 80 representa\u00e7\u00f5es e julgados 82 processos.<\/p>\n<p><em>Com informa\u00e7\u00f5es da MB<\/em><\/p>\n","protected":false},"excerpt":{"rendered":"<p>Transmiss\u00e3o da sess\u00e3o de julgamento por videoconfer\u00eancia no canal do Tribunal Mar\u00edtimo no YouTube No dia 28 de maio, o Tribunal Mar\u00edtimo (TM) realizou a&#8230;<\/p>\n","protected":false},"author":1182,"featured_media":29627,"comment_status":"closed","ping_status":"closed","sticky":false,"template":"","format":"standard","meta":{"footnotes":""},"categories":[6],"tags":[3111,2599,19,1098,393,3112],"class_list":["post-29626","post","type-post","status-publish","format-standard","has-post-thumbnail","hentry","category-noticias","tag-decima","tag-julgamento","tag-maritimo","tag-sessao","tag-tribunal","tag-videoconferencia"],"_links":{"self":[{"href":"https:\/\/www.sincomam.org.br\/index.php\/wp-json\/wp\/v2\/posts\/29626","targetHints":{"allow":["GET"]}}],"collection":[{"href":"https:\/\/www.sincomam.org.br\/index.php\/wp-json\/wp\/v2\/posts"}],"about":[{"href":"https:\/\/www.sincomam.org.br\/index.php\/wp-json\/wp\/v2\/types\/post"}],"author":[{"embeddable":true,"href":"https:\/\/www.sincomam.org.br\/index.php\/wp-json\/wp\/v2\/users\/1182"}],"replies":[{"embeddable":true,"href":"https:\/\/www.sincomam.org.br\/index.php\/wp-json\/wp\/v2\/comments?post=29626"}],"version-history":[{"count":1,"href":"https:\/\/www.sincomam.org.br\/index.php\/wp-json\/wp\/v2\/posts\/29626\/revisions"}],"predecessor-version":[{"id":29628,"href":"https:\/\/www.sincomam.org.br\/index.php\/wp-json\/wp\/v2\/posts\/29626\/revisions\/29628"}],"wp:featuredmedia":[{"embeddable":true,"href":"https:\/\/www.sincomam.org.br\/index.php\/wp-json\/wp\/v2\/media\/29627"}],"wp:attachment":[{"href":"https:\/\/www.sincomam.org.br\/index.php\/wp-json\/wp\/v2\/media?parent=29626"}],"wp:term":[{"taxonomy":"category","embeddable":true,"href":"https:\/\/www.sincomam.org.br\/index.php\/wp-json\/wp\/v2\/categories?post=29626"},{"taxonomy":"post_tag","embeddable":true,"href":"https:\/\/www.sincomam.org.br\/index.php\/wp-json\/wp\/v2\/tags?post=29626"}],"curies":[{"name":"wp","href":"https:\/\/api.w.org\/{rel}","templated":true}]}}