{"id":29623,"date":"2020-06-01T10:43:26","date_gmt":"2020-06-01T13:43:26","guid":{"rendered":"http:\/\/www.sincomam.org.br\/?p=29623"},"modified":"2020-06-01T10:43:26","modified_gmt":"2020-06-01T13:43:26","slug":"oficial-da-marinha-recebe-premio-da-organizacao-das-nacoes-unidas","status":"publish","type":"post","link":"https:\/\/www.sincomam.org.br\/index.php\/oficial-da-marinha-recebe-premio-da-organizacao-das-nacoes-unidas\/","title":{"rendered":"Oficial da Marinha recebe pr\u00eamio da Organiza\u00e7\u00e3o das Na\u00e7\u00f5es Unidas"},"content":{"rendered":"<p><strong><em>Premiada \u00e9 a Capit\u00e3o de Fragata Carla Monteiro, que serve na Miss\u00e3o da Estabiliza\u00e7\u00e3o Multidimensional Integrada das Na\u00e7\u00f5es Unidas da Rep\u00fablica Centro-Africana<\/em><\/strong><\/p>\n<p>Na \u00faltima sexta-feira (29), Dia Internacional dos Mantenedores da Paz, o Secret\u00e1rio-Geral da Organiza\u00e7\u00e3o das Na\u00e7\u00f5es Unidas (ONU) concedeu o pr\u00eamio de \u201cDefensora Militar da Igualdade de G\u00eanero da ONU 2019\u201d \u00e0 Capit\u00e3o de Fragata Carla Monteiro de Castro Araujo, da Marinha do Brasil. A oficial serve na Miss\u00e3o da Estabiliza\u00e7\u00e3o Multidimensional Integrada das Na\u00e7\u00f5es Unidas da Rep\u00fablica Centro-Africana (MINUSCA).<\/p>\n<p>De acordo com a Capit\u00e3o de Fragata, o pr\u00eamio veio coroar um ano trabalho realizado durante a miss\u00e3o. \u201cFoi a resposta aos meus questionamentos internos se eu estava fazendo a coisa certa. Quando desembarquei, a gender advisor que estava aqui tamb\u00e9m recebeu o pr\u00eamio. Todo o trabalho que fiz foi pensando em dar o meu melhor\u201d, afirmou em nota publicada pela Marinha do Brasil.<\/p>\n<p><strong>\u00a0Pr\u00eamio<\/strong><\/p>\n<p>Criado em 2016, a homenagem reconhece a dedica\u00e7\u00e3o e o esfor\u00e7o de um militar das For\u00e7as de Paz em promover os princ\u00edpios da Resolu\u00e7\u00e3o 1325 da ONU sobre mulheres, paz e seguran\u00e7a, dentro do contexto de opera\u00e7\u00e3o paz. A Comandante Carla \u00e9 a segunda oficial da Marinha a receber a premia\u00e7\u00e3o. No dia 29 de mar\u00e7o de 2019, a Capit\u00e3o de Corveta Marcia Andrade Braga foi agraciada com o t\u00edtulo.<\/p>\n<p><em>Com informa\u00e7\u00f5es da MB<\/em><\/p>\n","protected":false},"excerpt":{"rendered":"<p>Premiada \u00e9 a Capit\u00e3o de Fragata Carla Monteiro, que serve na Miss\u00e3o da Estabiliza\u00e7\u00e3o Multidimensional Integrada das Na\u00e7\u00f5es Unidas da Rep\u00fablica Centro-Africana Na \u00faltima sexta-feira&#8230;<\/p>\n","protected":false},"author":1182,"featured_media":29624,"comment_status":"closed","ping_status":"closed","sticky":false,"template":"","format":"standard","meta":{"footnotes":""},"categories":[6],"tags":[444,92,3109,15,1013,1461,3061,294,3110,1429],"class_list":["post-29623","post","type-post","status-publish","format-standard","has-post-thumbnail","hentry","category-noticias","tag-dia","tag-internacional","tag-mantenedores","tag-marinha","tag-marinha-do-brasil","tag-missao","tag-oficial","tag-onu","tag-paz","tag-premio"],"_links":{"self":[{"href":"https:\/\/www.sincomam.org.br\/index.php\/wp-json\/wp\/v2\/posts\/29623","targetHints":{"allow":["GET"]}}],"collection":[{"href":"https:\/\/www.sincomam.org.br\/index.php\/wp-json\/wp\/v2\/posts"}],"about":[{"href":"https:\/\/www.sincomam.org.br\/index.php\/wp-json\/wp\/v2\/types\/post"}],"author":[{"embeddable":true,"href":"https:\/\/www.sincomam.org.br\/index.php\/wp-json\/wp\/v2\/users\/1182"}],"replies":[{"embeddable":true,"href":"https:\/\/www.sincomam.org.br\/index.php\/wp-json\/wp\/v2\/comments?post=29623"}],"version-history":[{"count":1,"href":"https:\/\/www.sincomam.org.br\/index.php\/wp-json\/wp\/v2\/posts\/29623\/revisions"}],"predecessor-version":[{"id":29625,"href":"https:\/\/www.sincomam.org.br\/index.php\/wp-json\/wp\/v2\/posts\/29623\/revisions\/29625"}],"wp:featuredmedia":[{"embeddable":true,"href":"https:\/\/www.sincomam.org.br\/index.php\/wp-json\/wp\/v2\/media\/29624"}],"wp:attachment":[{"href":"https:\/\/www.sincomam.org.br\/index.php\/wp-json\/wp\/v2\/media?parent=29623"}],"wp:term":[{"taxonomy":"category","embeddable":true,"href":"https:\/\/www.sincomam.org.br\/index.php\/wp-json\/wp\/v2\/categories?post=29623"},{"taxonomy":"post_tag","embeddable":true,"href":"https:\/\/www.sincomam.org.br\/index.php\/wp-json\/wp\/v2\/tags?post=29623"}],"curies":[{"name":"wp","href":"https:\/\/api.w.org\/{rel}","templated":true}]}}