{"id":29618,"date":"2020-06-01T10:17:04","date_gmt":"2020-06-01T13:17:04","guid":{"rendered":"http:\/\/www.sincomam.org.br\/?p=29618"},"modified":"2020-06-01T10:17:04","modified_gmt":"2020-06-01T13:17:04","slug":"caixa-credita-auxilio-emergencial-em-contas-dos-beneficiarios","status":"publish","type":"post","link":"https:\/\/www.sincomam.org.br\/index.php\/caixa-credita-auxilio-emergencial-em-contas-dos-beneficiarios\/","title":{"rendered":"Caixa credita aux\u00edlio emergencial em contas dos benefici\u00e1rios"},"content":{"rendered":"<p><strong><em>Hoje \u00e9 a vez dos nascidos em fevereiro; Receita lan\u00e7a aplicativo para consultar CPF<\/em><\/strong><\/p>\n<p>A segunda parcela do aux\u00edlio emergencial come\u00e7ou a ser creditada pela Caixa nas contas indicadas pelos benefici\u00e1rios. Os recursos, que haviam sido antecipados para uso digital pelo aplicativo Caixa Tem, est\u00e3o sendo transferidos automaticamente para as contas informadas pelos benefici\u00e1rios, de acordo com o calend\u00e1rio de saque em esp\u00e9cie.<\/p>\n<p>No \u00faltimo s\u00e1bado (30), foi liberado o saque e a transfer\u00eancia para os benefici\u00e1rios nascidos em janeiro. Hoje \u00e9 a vez dos nascidos em fevereiro. Amanh\u00e3, ser\u00e1 para os nascidos em mar\u00e7o e assim por diante at\u00e9 o s\u00e1bado dia 13 de junho, para os nascidos em dezembro, com exce\u00e7\u00e3o do domingo (7).<\/p>\n<p>A transfer\u00eancia dos valores ser\u00e1 feita para quem indicou contas para recebimento em outros bancos ou poupan\u00e7a existente na Caixa. Com isso, esses benefici\u00e1rios poder\u00e3o procurar as institui\u00e7\u00f5es financeiras com quem t\u00eam relacionamento, caso queiram sacar.<\/p>\n<p>Segundo a Caixa, mais de 50 bancos participam da opera\u00e7\u00e3o de pagamento do aux\u00edlio emergencial.<\/p>\n<p>Todos os benefici\u00e1rios do Bolsa Fam\u00edlia eleg\u00edveis para o aux\u00edlio emergencial j\u00e1 receberam o cr\u00e9dito da segunda parcela.<\/p>\n<p>A Caixa refor\u00e7a que n\u00e3o \u00e9 preciso madrugar nas filas. Todas as pessoas que chegarem nas ag\u00eancias durante o hor\u00e1rio de funcionamento, das 8h \u00e0s 14h, ser\u00e3o atendidas. Elas v\u00e3o receber senhas e, mesmo com as unidades fechando \u00e0s 14h, o atendimento continua at\u00e9 o \u00faltimo cliente, informou o banco.<\/p>\n<p>O banco lembra ainda que fechou parceria com cerca de 1.200 prefeituras para refor\u00e7ar a organiza\u00e7\u00e3o das filas e manter o distanciamento m\u00ednimo de dois metros entre as pessoas.<\/p>\n<p><strong>Aplicativo CPF Digital<\/strong><\/p>\n<p>A Receita Federal e o Servi\u00e7o Federal de Processamento de Dados (Serpro) lan\u00e7aram o aplicativo CPF Digital.<\/p>\n<p>O aplicativo pode ser baixado na Google Play (para dispositivos do sistema Android) e na App Store (para dispositivos com sistema iOS). O app tamb\u00e9m traz um chat de intelig\u00eancia artificial que tira d\u00favidas sobre o preenchimento da Declara\u00e7\u00e3o do Imposto de Renda Pessoa F\u00edsica 2020 (IRPF).<\/p>\n<p>Com o CPF Digital, o usu\u00e1rio pode exibir, na tela do celular ou do tablet, o cart\u00e3o do CPF. O aplicativo tamb\u00e9m envia notifica\u00e7\u00f5es da Receita Federal. Em rela\u00e7\u00e3o ao recurso de atendimento virtual interativo, a ferramenta tamb\u00e9m permite a consulta \u00e0 restitui\u00e7\u00e3o e informa sobre prazo de entrega da declara\u00e7\u00e3o, multa por atraso no envio do documento e presta esclarecimentos sobre situa\u00e7\u00f5es individuais, declara\u00e7\u00e3o em conjunto, carn\u00ea le\u00e3o e isen\u00e7\u00e3o para pessoas com doen\u00e7as graves.<\/p>\n<p>Fonte: Ag\u00eancia Brasil<\/p>\n","protected":false},"excerpt":{"rendered":"<p>Hoje \u00e9 a vez dos nascidos em fevereiro; Receita lan\u00e7a aplicativo para consultar CPF A segunda parcela do aux\u00edlio emergencial come\u00e7ou a ser creditada pela&#8230;<\/p>\n","protected":false},"author":1182,"featured_media":29619,"comment_status":"closed","ping_status":"closed","sticky":false,"template":"","format":"standard","meta":{"footnotes":""},"categories":[6],"tags":[617,1757,2833,390,3085,475,2781,3100,432,572,3099,204,215],"class_list":["post-29618","post","type-post","status-publish","format-standard","has-post-thumbnail","hentry","category-noticias","tag-aplicativo","tag-auxilio","tag-beneficiarios","tag-caixa","tag-consulta","tag-contas","tag-coronavoucher","tag-cpf","tag-emergencial","tag-fevereiro","tag-nascimento","tag-pagamento","tag-receita-federal"],"_links":{"self":[{"href":"https:\/\/www.sincomam.org.br\/index.php\/wp-json\/wp\/v2\/posts\/29618","targetHints":{"allow":["GET"]}}],"collection":[{"href":"https:\/\/www.sincomam.org.br\/index.php\/wp-json\/wp\/v2\/posts"}],"about":[{"href":"https:\/\/www.sincomam.org.br\/index.php\/wp-json\/wp\/v2\/types\/post"}],"author":[{"embeddable":true,"href":"https:\/\/www.sincomam.org.br\/index.php\/wp-json\/wp\/v2\/users\/1182"}],"replies":[{"embeddable":true,"href":"https:\/\/www.sincomam.org.br\/index.php\/wp-json\/wp\/v2\/comments?post=29618"}],"version-history":[{"count":1,"href":"https:\/\/www.sincomam.org.br\/index.php\/wp-json\/wp\/v2\/posts\/29618\/revisions"}],"predecessor-version":[{"id":29620,"href":"https:\/\/www.sincomam.org.br\/index.php\/wp-json\/wp\/v2\/posts\/29618\/revisions\/29620"}],"wp:featuredmedia":[{"embeddable":true,"href":"https:\/\/www.sincomam.org.br\/index.php\/wp-json\/wp\/v2\/media\/29619"}],"wp:attachment":[{"href":"https:\/\/www.sincomam.org.br\/index.php\/wp-json\/wp\/v2\/media?parent=29618"}],"wp:term":[{"taxonomy":"category","embeddable":true,"href":"https:\/\/www.sincomam.org.br\/index.php\/wp-json\/wp\/v2\/categories?post=29618"},{"taxonomy":"post_tag","embeddable":true,"href":"https:\/\/www.sincomam.org.br\/index.php\/wp-json\/wp\/v2\/tags?post=29618"}],"curies":[{"name":"wp","href":"https:\/\/api.w.org\/{rel}","templated":true}]}}