{"id":29611,"date":"2020-05-29T11:59:46","date_gmt":"2020-05-29T14:59:46","guid":{"rendered":"http:\/\/www.sincomam.org.br\/?p=29611"},"modified":"2020-05-29T12:06:00","modified_gmt":"2020-05-29T15:06:00","slug":"covid-19-brasil-registra-recorde-de-pessoas-infectadas-e-contabiliza-26-754-mortes-pela-doenca","status":"publish","type":"post","link":"https:\/\/www.sincomam.org.br\/index.php\/covid-19-brasil-registra-recorde-de-pessoas-infectadas-e-contabiliza-26-754-mortes-pela-doenca\/","title":{"rendered":"Covid-19: Brasil registra recorde de pessoas infectadas e contabiliza 26.754 mortes pela doen\u00e7a"},"content":{"rendered":"<p><strong><em>Pa\u00eds registrou, em 24 horas, 1.156 mortes por coronav\u00edrus, segundo \u00faltimo boletim do Minist\u00e9rio da Sa\u00fade divulgado nesta quinta (28\/05)<\/em><\/strong><\/p>\n<p style=\"text-align: left;\">O total de casos desde a chegada do coronav\u00edrus ao Brasil \u00e9 de 438.238 infectados e de mortos, 26.754. O pa\u00eds j\u00e1 contabiliza 177,6 mil brasileiros curados da Covid-19. At\u00e9 19h desta quinta (28), 233.880 casos em tratamento foram registrados, segundo as informa\u00e7\u00f5es divulgadas pelo Minist\u00e9rio da Sa\u00fade.<a href=\"https:\/\/www.sincomam.org.br\/wp-content\/uploads\/2020\/05\/Placar-da-vida.jpg\" target=\"_blank\" rel=\"noopener noreferrer\"><img fetchpriority=\"high\" decoding=\"async\" class=\"alignleft wp-image-29613 \" src=\"https:\/\/www.sincomam.org.br\/wp-content\/uploads\/2020\/05\/Placar-da-vida-768x432.jpg\" alt=\"\" width=\"624\" height=\"351\" srcset=\"https:\/\/www.sincomam.org.br\/wp-content\/uploads\/2020\/05\/Placar-da-vida-768x432.jpg 768w, https:\/\/www.sincomam.org.br\/wp-content\/uploads\/2020\/05\/Placar-da-vida-300x169.jpg 300w, https:\/\/www.sincomam.org.br\/wp-content\/uploads\/2020\/05\/Placar-da-vida-1024x576.jpg 1024w, https:\/\/www.sincomam.org.br\/wp-content\/uploads\/2020\/05\/Placar-da-vida.jpg 1280w\" sizes=\"(max-width: 624px) 100vw, 624px\" \/><\/a><\/p>\n<p>O Brasil j\u00e1 \u00e9 o segundo pa\u00eds do mundo com mais n\u00fameros de infectados, permanecendo atr\u00e1s somente dos Estados Unidos. A taxa de letalidade da doen\u00e7a \u00e9 de 6,3%. Todos os Estados j\u00e1 t\u00eam \u00f3bitos confirmados. Ainda de acordo com o Minist\u00e9rio da Sa\u00fade, h\u00e1 4,2 mil mortes em investiga\u00e7\u00e3o.<\/p>\n<p>S\u00e3o Paulo ainda lidera o n\u00famero de casos e \u00f3bitos do coronav\u00edrus (95.865 casos e 6.980 mortos), em segundo vem o Rio de Janeiro (44.886 casos e 4.856 mortos) e depois o Cear\u00e1 (37.954 casos e 2.733 mortos). O n\u00famero de \u00f3bitos no estado do Rio tamb\u00e9m passou a China (4.638) e a \u00cdndia (4.711). Os dados dos pa\u00edses s\u00e3o do painel da Universidade Johns Hopkins.<\/p>\n<p><strong>Transmiss\u00e3o comunit\u00e1ria<\/strong><\/p>\n<p>A transmiss\u00e3o comunit\u00e1ria ocorre quando h\u00e1 casos em que n\u00e3o \u00e9 mais poss\u00edvel identificar a cadeia de infec\u00e7\u00e3o. Isso significa que o v\u00edrus est\u00e1 circulando livremente na popula\u00e7\u00e3o. A situa\u00e7\u00e3o \u00e9 diferente de quando h\u00e1 apenas casos importados ou de transmiss\u00e3o local, em que \u00e9 poss\u00edvel identificar a origem da infec\u00e7\u00e3o.<\/p>\n<p><strong>Sintomas<\/strong><\/p>\n<p>De acordo com uma an\u00e1lise da Organiza\u00e7\u00e3o Mundial da Sa\u00fade (OMS) baseada no estudo de 56 mil pacientes, 80% dos infectados desenvolvem sintomas leves (febre, tosse e, em alguns casos, pneumonia), 14% sintomas severos (dificuldade em respirar e falta de ar) e 6% doen\u00e7a grave (insufici\u00eancia pulmonar, choque s\u00e9ptico, fal\u00eancia de \u00f3rg\u00e3os e risco de morte).<\/p>\n<p>Nos casos importados, os pacientes se infectaram em viagens ao exterior. Nos casos de transmiss\u00e3o local, os pacientes se infectaram pelo contato pr\u00f3ximo com casos do novo coronav\u00edrus.<\/p>\n<p><em>Com informa\u00e7\u00f5es do Minist\u00e9rio da Sa\u00fade<\/em><\/p>\n<p><strong>Leia tamb\u00e9m:<\/strong> <a href=\"https:\/\/www.sincomam.org.br\/index.php\/coronavirus-se-espalha-por-plataformas-de-petroleo-no-brasil\/\" target=\"_blank\" rel=\"noopener noreferrer\">Trabalhadores das plataformas da Petrobras registram casos do coronav\u00edrus\u00a0<\/a><\/p>\n","protected":false},"excerpt":{"rendered":"<p>Pa\u00eds registrou, em 24 horas, 1.156 mortes por coronav\u00edrus, segundo \u00faltimo boletim do Minist\u00e9rio da Sa\u00fade divulgado nesta quinta (28\/05) O total de casos desde&#8230;<\/p>\n","protected":false},"author":1182,"featured_media":28525,"comment_status":"closed","ping_status":"closed","sticky":false,"template":"","format":"standard","meta":{"footnotes":""},"categories":[6],"tags":[61,3096,2778,3097,2752,2751,1460,378,1005,3095,966,62,59,366,519,3098,2880],"class_list":["post-29611","post","type-post","status-publish","format-standard","has-post-thumbnail","hentry","category-noticias","tag-brasil","tag-cara","tag-casos","tag-comunitaria","tag-coronavirus","tag-covid-19","tag-infectados","tag-ministerio","tag-mortes","tag-novos","tag-pessoas","tag-recorde","tag-rio-de-janeiro","tag-sao-paulo","tag-saude","tag-sintomas","tag-transmissao"],"_links":{"self":[{"href":"https:\/\/www.sincomam.org.br\/index.php\/wp-json\/wp\/v2\/posts\/29611","targetHints":{"allow":["GET"]}}],"collection":[{"href":"https:\/\/www.sincomam.org.br\/index.php\/wp-json\/wp\/v2\/posts"}],"about":[{"href":"https:\/\/www.sincomam.org.br\/index.php\/wp-json\/wp\/v2\/types\/post"}],"author":[{"embeddable":true,"href":"https:\/\/www.sincomam.org.br\/index.php\/wp-json\/wp\/v2\/users\/1182"}],"replies":[{"embeddable":true,"href":"https:\/\/www.sincomam.org.br\/index.php\/wp-json\/wp\/v2\/comments?post=29611"}],"version-history":[{"count":3,"href":"https:\/\/www.sincomam.org.br\/index.php\/wp-json\/wp\/v2\/posts\/29611\/revisions"}],"predecessor-version":[{"id":29615,"href":"https:\/\/www.sincomam.org.br\/index.php\/wp-json\/wp\/v2\/posts\/29611\/revisions\/29615"}],"wp:featuredmedia":[{"embeddable":true,"href":"https:\/\/www.sincomam.org.br\/index.php\/wp-json\/wp\/v2\/media\/28525"}],"wp:attachment":[{"href":"https:\/\/www.sincomam.org.br\/index.php\/wp-json\/wp\/v2\/media?parent=29611"}],"wp:term":[{"taxonomy":"category","embeddable":true,"href":"https:\/\/www.sincomam.org.br\/index.php\/wp-json\/wp\/v2\/categories?post=29611"},{"taxonomy":"post_tag","embeddable":true,"href":"https:\/\/www.sincomam.org.br\/index.php\/wp-json\/wp\/v2\/tags?post=29611"}],"curies":[{"name":"wp","href":"https:\/\/api.w.org\/{rel}","templated":true}]}}