{"id":29609,"date":"2020-05-29T11:09:28","date_gmt":"2020-05-29T14:09:28","guid":{"rendered":"http:\/\/www.sincomam.org.br\/?p=29609"},"modified":"2020-05-29T11:09:28","modified_gmt":"2020-05-29T14:09:28","slug":"porto-de-paranagua-carrega-soja-normalmente-apos-caso-de-covid-19-em-navio","status":"publish","type":"post","link":"https:\/\/www.sincomam.org.br\/index.php\/porto-de-paranagua-carrega-soja-normalmente-apos-caso-de-covid-19-em-navio\/","title":{"rendered":"Porto de Paranagu\u00e1 carrega soja normalmente ap\u00f3s caso de Covid-19 em navio"},"content":{"rendered":"<p><strong><em>No local, o Navio Elena est\u00e1 atracado e carrega soja desde a 1h desta quarta-feira, disse o porto em nota<\/em><\/strong><\/p>\n<p>As opera\u00e7\u00f5es de carregamento de gr\u00e3os e outros produtos no porto de Paranagu\u00e1 (PR) ocorriam normalmente nesta quarta-feira, ap\u00f3s um caso de Covid-19 em um navio que carregava soja paralisar as opera\u00e7\u00f5es no ber\u00e7o 214 por 24 horas, desde segunda-feira.<\/p>\n<p>Foi o primeiro caso de Covid envolvendo um membro de tripula\u00e7\u00e3o nos portos do Paran\u00e1. O ber\u00e7o que foi paralisado tem capacidade de carregar ao menos 40 mil toneladas de soja por dia.<\/p>\n<p>A situa\u00e7\u00e3o lembrou o mercado das preocupa\u00e7\u00f5es log\u00edsticas decorrentes da pandemia. At\u00e9 o momento, contudo, as exporta\u00e7\u00f5es do Brasil n\u00e3o v\u00eam sendo prejudicadas de forma material, com o setor de soja registrando embarques recordes mensais. Para maio, s\u00e3o esperados novos volumes expressivos na exporta\u00e7\u00e3o.<\/p>\n<p>A administra\u00e7\u00e3o dos Portos do Paran\u00e1 informou ainda nesta quarta-feira que, ap\u00f3s avalia\u00e7\u00e3o da Ag\u00eancia Nacional de Vigil\u00e2ncia Sanit\u00e1ria (Anvisa), no in\u00edcio da noite de ter\u00e7a-feira (26\/05), o ber\u00e7o 214 foi liberado para operar normalmente, conforme informou a Reuters na v\u00e9spera.<\/p>\n<p>As opera\u00e7\u00f5es no ber\u00e7o de atraca\u00e7\u00e3o 214, destinado preferencialmente aos embarques de gran\u00e9is de exporta\u00e7\u00e3o, ficaram paralisadas da noite da \u00faltima segunda-feira at\u00e9 o in\u00edcio da madrugada desta quarta-feira.<\/p>\n<p>Isso ocorreu ap\u00f3s a tripula\u00e7\u00e3o do navio Mv Clymene, de bandeira maltense, que carregava soja no local, informar que um dos integrantes (de origem filipina) precisava de atendimento m\u00e9dico, por suspeita de infec\u00e7\u00e3o pelo novo coronav\u00edrus, que veio a ser confirmada ap\u00f3s exame.<\/p>\n<p>O tripulante segue internado no Hospital Paranagu\u00e1 e seu quadro de sa\u00fade \u00e9 est\u00e1vel. Todos os demais tripulantes foram testados pela Anvisa e seguem a bordo \u2014n\u00e3o havia informa\u00e7\u00f5es sobre os resultados dos testes.<\/p>\n<p>Liberado para desatraca\u00e7\u00e3o pela Anvisa ap\u00f3s a confirma\u00e7\u00e3o do caso de Covid, o Mv Clymene est\u00e1 fundeado no interior da Ba\u00eda de Paranagu\u00e1 (\u00c1rea 62), onde dever\u00e1 permanecer em quarentena at\u00e9 nova determina\u00e7\u00e3o da ag\u00eancia de vigil\u00e2ncia sanit\u00e1ria.<\/p>\n<p>De acordo com o porto, antes de desatracar, o Mv Clymene foi carregado com cerca de 35 mil toneladas de soja, e ficou faltando pouco mais de 27 mil toneladas para o carregamento ser conclu\u00eddo. Agora, a embarca\u00e7\u00e3o ter\u00e1 que aguardar orienta\u00e7\u00e3o da Anvisa.<\/p>\n<p>O porto de Paranagu\u00e1 lembrou que, pelo protocolo sanit\u00e1rio, nenhum tripulante de navio vindo do exterior est\u00e1 autorizado a desembarcar antes do prazo de 14 dias da chegada ao primeiro porto brasileiro.<\/p>\n<p>Fonte: Reuters<\/p>\n<p><strong>Leia tamb\u00e9m:<a href=\"https:\/\/www.sincomam.org.br\/index.php\/movimentacao-de-graos-deve-crescer-20-no-porto-de-paranagua\/\" target=\"_blank\" rel=\"noopener noreferrer\"> Porto de Paranagu\u00e1 cresce em produ\u00e7\u00e3o e exporta\u00e7\u00e3o de gr\u00e3os<\/a><\/strong><\/p>\n","protected":false},"excerpt":{"rendered":"<p>No local, o Navio Elena est\u00e1 atracado e carrega soja desde a 1h desta quarta-feira, disse o porto em nota As opera\u00e7\u00f5es de carregamento de&#8230;<\/p>\n","protected":false},"author":1182,"featured_media":28326,"comment_status":"closed","ping_status":"closed","sticky":false,"template":"","format":"standard","meta":{"footnotes":""},"categories":[6],"tags":[],"class_list":["post-29609","post","type-post","status-publish","format-standard","has-post-thumbnail","hentry","category-noticias"],"_links":{"self":[{"href":"https:\/\/www.sincomam.org.br\/index.php\/wp-json\/wp\/v2\/posts\/29609","targetHints":{"allow":["GET"]}}],"collection":[{"href":"https:\/\/www.sincomam.org.br\/index.php\/wp-json\/wp\/v2\/posts"}],"about":[{"href":"https:\/\/www.sincomam.org.br\/index.php\/wp-json\/wp\/v2\/types\/post"}],"author":[{"embeddable":true,"href":"https:\/\/www.sincomam.org.br\/index.php\/wp-json\/wp\/v2\/users\/1182"}],"replies":[{"embeddable":true,"href":"https:\/\/www.sincomam.org.br\/index.php\/wp-json\/wp\/v2\/comments?post=29609"}],"version-history":[{"count":1,"href":"https:\/\/www.sincomam.org.br\/index.php\/wp-json\/wp\/v2\/posts\/29609\/revisions"}],"predecessor-version":[{"id":29610,"href":"https:\/\/www.sincomam.org.br\/index.php\/wp-json\/wp\/v2\/posts\/29609\/revisions\/29610"}],"wp:featuredmedia":[{"embeddable":true,"href":"https:\/\/www.sincomam.org.br\/index.php\/wp-json\/wp\/v2\/media\/28326"}],"wp:attachment":[{"href":"https:\/\/www.sincomam.org.br\/index.php\/wp-json\/wp\/v2\/media?parent=29609"}],"wp:term":[{"taxonomy":"category","embeddable":true,"href":"https:\/\/www.sincomam.org.br\/index.php\/wp-json\/wp\/v2\/categories?post=29609"},{"taxonomy":"post_tag","embeddable":true,"href":"https:\/\/www.sincomam.org.br\/index.php\/wp-json\/wp\/v2\/tags?post=29609"}],"curies":[{"name":"wp","href":"https:\/\/api.w.org\/{rel}","templated":true}]}}