{"id":29602,"date":"2020-05-29T10:38:43","date_gmt":"2020-05-29T13:38:43","guid":{"rendered":"http:\/\/www.sincomam.org.br\/?p=29602"},"modified":"2020-05-29T10:38:43","modified_gmt":"2020-05-29T13:38:43","slug":"prazo-para-saque-de-abono-salarial-2019-2020-termina-hoje","status":"publish","type":"post","link":"https:\/\/www.sincomam.org.br\/index.php\/prazo-para-saque-de-abono-salarial-2019-2020-termina-hoje\/","title":{"rendered":"Prazo para saque de abono salarial 2019\/2020 termina hoje"},"content":{"rendered":"<p><strong><em>Inicialmente, esse prazo era 30 de junho<\/em><\/strong><\/p>\n<p>O prazo para o saque do abono salarial 2019\/2020 dos programas de Integra\u00e7\u00e3o Social (PIS) de Forma\u00e7\u00e3o do Patrim\u00f4nio do Servidor P\u00fablico (Pasep) termina hoje (29).<\/p>\n<p>Inicialmente, esse prazo era 30 de junho, mas uma resolu\u00e7\u00e3o do Conselho Deliberativo do Fundo de Amparo ao Trabalhador (Codefat) definiu a nova data e estabeleceu o calend\u00e1rio 2020\/2021.<\/p>\n<p>O calend\u00e1rio de pagamento de 2020\/2021 tem in\u00edcio em 30 de junho de 2020 e t\u00e9rmino em 30 de junho de 2021. No caso do abono salarial do PIS, o pagamento \u00e9 feito pela Caixa Econ\u00f4mica Federal a trabalhadores da iniciativa privada, considerando o m\u00eas de nascimento do trabalhador.<\/p>\n<p>O pagamento do abono salarial do Programa de Forma\u00e7\u00e3o do Patrim\u00f4nio do Servidor P\u00fablico (Pasep) \u00e9 feito pelo Banco do Brasil, de acordo com o d\u00edgito final do n\u00famero de inscri\u00e7\u00e3o do servidor p\u00fablico. Os trabalhadores com conta na Caixa, no caso do PIS, ou no Banco do Brasil, para o Pasep, recebem o cr\u00e9dito automaticamente.<\/p>\n<p>Fonte: Ag\u00eancia Brasil<\/p>\n<p><strong>Leia tamb\u00e9m:<a href=\"https:\/\/www.sincomam.org.br\/index.php\/veja-calendario-de-saque-do-pispasep-para-aposentados\/\" target=\"_blank\" rel=\"noopener noreferrer\"> Veja o calend\u00e1rio de pagamento do PIS\/PASEP para aposentados<\/a><\/strong><\/p>\n","protected":false},"excerpt":{"rendered":"<p>Inicialmente, esse prazo era 30 de junho O prazo para o saque do abono salarial 2019\/2020 dos programas de Integra\u00e7\u00e3o Social (PIS) de Forma\u00e7\u00e3o do&#8230;<\/p>\n","protected":false},"author":1182,"featured_media":17827,"comment_status":"closed","ping_status":"closed","sticky":false,"template":"","format":"standard","meta":{"footnotes":""},"categories":[6],"tags":[697,390,204,1452,695,1679,3088,696,3089],"class_list":["post-29602","post","type-post","status-publish","format-standard","has-post-thumbnail","hentry","category-noticias","tag-abono","tag-caixa","tag-pagamento","tag-pasep","tag-pis","tag-publico","tag-salarial","tag-saque","tag-servidor"],"_links":{"self":[{"href":"https:\/\/www.sincomam.org.br\/index.php\/wp-json\/wp\/v2\/posts\/29602","targetHints":{"allow":["GET"]}}],"collection":[{"href":"https:\/\/www.sincomam.org.br\/index.php\/wp-json\/wp\/v2\/posts"}],"about":[{"href":"https:\/\/www.sincomam.org.br\/index.php\/wp-json\/wp\/v2\/types\/post"}],"author":[{"embeddable":true,"href":"https:\/\/www.sincomam.org.br\/index.php\/wp-json\/wp\/v2\/users\/1182"}],"replies":[{"embeddable":true,"href":"https:\/\/www.sincomam.org.br\/index.php\/wp-json\/wp\/v2\/comments?post=29602"}],"version-history":[{"count":1,"href":"https:\/\/www.sincomam.org.br\/index.php\/wp-json\/wp\/v2\/posts\/29602\/revisions"}],"predecessor-version":[{"id":29603,"href":"https:\/\/www.sincomam.org.br\/index.php\/wp-json\/wp\/v2\/posts\/29602\/revisions\/29603"}],"wp:featuredmedia":[{"embeddable":true,"href":"https:\/\/www.sincomam.org.br\/index.php\/wp-json\/wp\/v2\/media\/17827"}],"wp:attachment":[{"href":"https:\/\/www.sincomam.org.br\/index.php\/wp-json\/wp\/v2\/media?parent=29602"}],"wp:term":[{"taxonomy":"category","embeddable":true,"href":"https:\/\/www.sincomam.org.br\/index.php\/wp-json\/wp\/v2\/categories?post=29602"},{"taxonomy":"post_tag","embeddable":true,"href":"https:\/\/www.sincomam.org.br\/index.php\/wp-json\/wp\/v2\/tags?post=29602"}],"curies":[{"name":"wp","href":"https:\/\/api.w.org\/{rel}","templated":true}]}}