{"id":29599,"date":"2020-05-29T10:34:43","date_gmt":"2020-05-29T13:34:43","guid":{"rendered":"http:\/\/www.sincomam.org.br\/?p=29599"},"modified":"2020-05-29T10:34:43","modified_gmt":"2020-05-29T13:34:43","slug":"quem-trabalhou-nos-ultimos-3-meses-esta-proibido-de-receber-auxilio-emergencial-de-r-600","status":"publish","type":"post","link":"https:\/\/www.sincomam.org.br\/index.php\/quem-trabalhou-nos-ultimos-3-meses-esta-proibido-de-receber-auxilio-emergencial-de-r-600\/","title":{"rendered":"Quem trabalhou nos \u00faltimos 3 meses est\u00e1 proibido de receber aux\u00edlio emergencial de R$ 600"},"content":{"rendered":"<p><em><strong>Dataprev informa que ser\u00e1 realizado a certifica\u00e7\u00e3o das tr\u00eas \u00faltimas remunera\u00e7\u00f5es do cidad\u00e3o dispon\u00edveis nas bases oficiais<\/strong><\/em><\/p>\n<p>Quem trabalhou e recebeu alguma renda nos \u00faltimos tr\u00eas meses n\u00e3o tem direito ao aux\u00edlio emergencial de R$ 600 do governo federal. \u00c9 isso que estabelece a portaria 351, de 7 de abril, do Minist\u00e9rio da Cidadania.<\/p>\n<p>A portaria diz que entre os crit\u00e9rios de verifica\u00e7\u00e3o para dar direito ao aux\u00edlio emergencial est\u00e1 o de &#8220;n\u00e3o existir v\u00ednculo ativo ou renda nos \u00faltimos tr\u00eas meses identificada no Cadastro Nacional de Informa\u00e7\u00f5es Sociais (Cnis)&#8221;, documento que detalha contribui\u00e7\u00f5es ao INSS, sal\u00e1rios e empregos do trabalhador.<\/p>\n<p>Segundo a Dataprev, &#8220;s\u00e3o verificadas as tr\u00eas \u00faltimas remunera\u00e7\u00f5es do cidad\u00e3o dispon\u00edveis nas bases oficiais, no momento da an\u00e1lise e processamento da Dataprev&#8221;. Assim, quem pede o aux\u00edlio n\u00e3o pode ter tido emprego e recebido renda nos tr\u00eas meses anteriores.<\/p>\n<p><strong>Sem seguro-desemprego nem aux\u00edlio <\/strong><\/p>\n<p>Em alguns casos, trabalhadores que perderam o emprego recentemente n\u00e3o v\u00e3o receber nem o seguro-desemprego nem os R$ 600. Isso acontece com quem estava em contrato de experi\u00eancia ou se n\u00e3o completou o tempo m\u00ednimo para pedir o seguro.<\/p>\n<p>Se for o primeiro pedido do seguro-desemprego, \u00e9 preciso ter trabalhado pelo menos 12 dos 18 meses antes da demiss\u00e3o. \u00a0No segundo pedido, ao menos nove dos 12 meses antes da dispensa e, a partir do terceiro, pelo menos seis meses antes da demiss\u00e3o.<\/p>\n<p><strong>O que diz o Minist\u00e9rio da Cidadania? <\/strong><\/p>\n<p>Em nota, o Minist\u00e9rio da Cidadania informou que &#8220;a partir da publica\u00e7\u00e3o da Lei 13.982, de 2 de abril de 2020, que estabelece a concess\u00e3o do aux\u00edlio emergencial de R$ 600, as bases de dados analisadas pela Dataprev (Rais e o Caged) informam se houve v\u00ednculo empregat\u00edcio nos \u00faltimos tr\u00eas meses. Caso haja, a pessoa n\u00e3o faz jus ao benef\u00edcio por n\u00e3o cumprir os crit\u00e9rios legais para o recebimento&#8221;.<\/p>\n<p>O minist\u00e9rio disse ainda que &#8220;isso n\u00e3o significa que o trabalhador desempregado ficar\u00e1 sem o aux\u00edlio emergencial, caso se enquadre nos crit\u00e9rios legais para receber. Tudo depender\u00e1 do momento em que ele solicitar o aux\u00edlio&#8221;.<\/p>\n<p>Ainda segundo a Cidadania, &#8220;o sistema estar\u00e1 aberto at\u00e9 o dia 2\/7 e todos aqueles que tenham direito a receber o aux\u00edlio emergencial, respeitando as determina\u00e7\u00f5es legais, ser\u00e3o contemplados com as tr\u00eas parcelas\u201d.<\/p>\n<p>Fonte: UOL Economia<\/p>\n<p><strong>Leia tamb\u00e9m: <a href=\"https:\/\/www.sincomam.org.br\/index.php\/auxilio-emergencial-quem-receber-os-r-600-pode-ter-que-devolver-em-2021\/\" target=\"_blank\" rel=\"noopener noreferrer\">Quem recebeu o aux\u00edlio emergencial poder\u00e1 devolver o valor<\/a><\/strong><\/p>\n<p><strong>Veja: <a href=\"https:\/\/www.sincomam.org.br\/index.php\/caixa-paga-hoje-segunda-parcela-de-auxilio-emergencial\/\" target=\"_blank\" rel=\"noopener noreferrer\">Caixa iniciou o pagamento da segunda parcela do aux\u00edlio emergencial<\/a><\/strong><\/p>\n","protected":false},"excerpt":{"rendered":"<p>Dataprev informa que ser\u00e1 realizado a certifica\u00e7\u00e3o das tr\u00eas \u00faltimas remunera\u00e7\u00f5es do cidad\u00e3o dispon\u00edveis nas bases oficiais Quem trabalhou e recebeu alguma renda nos \u00faltimos&#8230;<\/p>\n","protected":false},"author":1182,"featured_media":29243,"comment_status":"closed","ping_status":"closed","sticky":false,"template":"","format":"standard","meta":{"footnotes":""},"categories":[6],"tags":[1757,3087,991,432,1323,192,378,204,1510,1509,449,1140],"class_list":["post-29599","post","type-post","status-publish","format-standard","has-post-thumbnail","hentry","category-noticias","tag-auxilio","tag-cidadania","tag-devolucao","tag-emergencial","tag-federal","tag-governo","tag-ministerio","tag-pagamento","tag-parcela","tag-segunda","tag-seguro-desemprego","tag-trabalhadores"],"_links":{"self":[{"href":"https:\/\/www.sincomam.org.br\/index.php\/wp-json\/wp\/v2\/posts\/29599","targetHints":{"allow":["GET"]}}],"collection":[{"href":"https:\/\/www.sincomam.org.br\/index.php\/wp-json\/wp\/v2\/posts"}],"about":[{"href":"https:\/\/www.sincomam.org.br\/index.php\/wp-json\/wp\/v2\/types\/post"}],"author":[{"embeddable":true,"href":"https:\/\/www.sincomam.org.br\/index.php\/wp-json\/wp\/v2\/users\/1182"}],"replies":[{"embeddable":true,"href":"https:\/\/www.sincomam.org.br\/index.php\/wp-json\/wp\/v2\/comments?post=29599"}],"version-history":[{"count":1,"href":"https:\/\/www.sincomam.org.br\/index.php\/wp-json\/wp\/v2\/posts\/29599\/revisions"}],"predecessor-version":[{"id":29600,"href":"https:\/\/www.sincomam.org.br\/index.php\/wp-json\/wp\/v2\/posts\/29599\/revisions\/29600"}],"wp:featuredmedia":[{"embeddable":true,"href":"https:\/\/www.sincomam.org.br\/index.php\/wp-json\/wp\/v2\/media\/29243"}],"wp:attachment":[{"href":"https:\/\/www.sincomam.org.br\/index.php\/wp-json\/wp\/v2\/media?parent=29599"}],"wp:term":[{"taxonomy":"category","embeddable":true,"href":"https:\/\/www.sincomam.org.br\/index.php\/wp-json\/wp\/v2\/categories?post=29599"},{"taxonomy":"post_tag","embeddable":true,"href":"https:\/\/www.sincomam.org.br\/index.php\/wp-json\/wp\/v2\/tags?post=29599"}],"curies":[{"name":"wp","href":"https:\/\/api.w.org\/{rel}","templated":true}]}}