{"id":29596,"date":"2020-05-29T10:18:52","date_gmt":"2020-05-29T13:18:52","guid":{"rendered":"http:\/\/www.sincomam.org.br\/?p=29596"},"modified":"2020-05-29T10:18:52","modified_gmt":"2020-05-29T13:18:52","slug":"receita-paga-nesta-sexta-feira-as-restituicoes-do-1o-lote-do-irpf-2020","status":"publish","type":"post","link":"https:\/\/www.sincomam.org.br\/index.php\/receita-paga-nesta-sexta-feira-as-restituicoes-do-1o-lote-do-irpf-2020\/","title":{"rendered":"Receita paga nesta sexta-feira as restitui\u00e7\u00f5es do 1\u00ba lote do IRPF 2020"},"content":{"rendered":"<p><strong><em>Est\u00e3o sendo depositados R$ 2 bilh\u00f5es para 901.077 contribuintes<\/em><\/strong><\/p>\n<p>A Receita Federal paga nesta sexta-feira (29) as restitui\u00e7\u00f5es do primeiro lote do Imposto de Renda de Pessoa F\u00edsica (IRPF) 2020. Est\u00e3o sendo depositados R$ 2 bilh\u00f5es para 901.077 contribuintes. O primeiro lote contempla contribuintes com prioridade legal, sendo 133.171 idosos acima de 80 anos, 710.275 contribuintes entre 60 e 79 anos e 57.631 com alguma defici\u00eancia f\u00edsica ou mental ou mol\u00e9stia grave.<\/p>\n<p>Neste ano, o cronograma de restitui\u00e7\u00f5es foi antecipado para maio e a quantidade de lotes reduzidos de sete para cinco. A antecipa\u00e7\u00e3o \u00e9 uma iniciativa da Receita Federal para mitigar os efeitos econ\u00f4micos da pandemia de covid-19. O \u00faltimo lote tem pagamento previsto para 30 de setembro. No ano passado, as restitui\u00e7\u00f5es come\u00e7aram no dia 17 de junho e se estenderam at\u00e9 16 de dezembro.<\/p>\n<p>Outra mudan\u00e7a feita pela Receita Federal foi no dia em que a restitui\u00e7\u00e3o \u00e9 depositada na conta do contribuinte. Normalmente o cr\u00e9dito banc\u00e1rio ocorria no dia 15 de cada m\u00eas. Neste ano, o pagamento da restitui\u00e7\u00e3o ser\u00e1 realizado no \u00faltimo dia \u00fatil do m\u00eas.<\/p>\n<p><strong>Como consultar<\/strong><\/p>\n<p>Para saber se teve a declara\u00e7\u00e3o liberada, o contribuinte dever\u00e1 acessar a p\u00e1gina da Receita na internet <strong><a href=\"http:\/\/receita.economia.gov.br\/\" target=\"_blank\" rel=\"noopener noreferrer\">(clique aqui)<\/a>.<\/strong> Na consulta \u00e0 p\u00e1gina da Receita, servi\u00e7o e-CAC, \u00e9 poss\u00edvel acessar o extrato da declara\u00e7\u00e3o e ver se h\u00e1 inconsist\u00eancias de dados. Nesta hip\u00f3tese, o contribuinte pode avaliar as inconsist\u00eancias e fazer a autorregulariza\u00e7\u00e3o, mediante entrega de declara\u00e7\u00e3o retificadora.<\/p>\n<p>A Receita disponibiliza tamb\u00e9m um aplicativo para tablets e smartphones que facilita a consulta \u00e0s declara\u00e7\u00f5es do IRPF e situa\u00e7\u00e3o cadastral no CPF. Com o aplicativo \u00e9 poss\u00edvel consultar, diretamente nas bases de dados da Receita Federal, informa\u00e7\u00f5es sobre libera\u00e7\u00e3o das restitui\u00e7\u00f5es do Imposto de Renda e a situa\u00e7\u00e3o cadastral.<\/p>\n<p>A restitui\u00e7\u00e3o fica dispon\u00edvel no banco durante um ano. Caso o valor n\u00e3o seja creditado, o contribuinte poder\u00e1 contatar pessoalmente qualquer ag\u00eancia do Banco do Brasil ou ligar para a Central de Atendimento da Receita por meio do telefone 4004-0001 (capitais), 0800-729-0001 (demais localidades) e 0800-729-0088 (telefone especial exclusivo para deficientes auditivos) para agendar o cr\u00e9dito em conta-corrente ou poupan\u00e7a, em seu nome, em qualquer banco.<\/p>\n<p>Fonte: Ag\u00eancia Brasil<\/p>\n<p><strong>Leia tamb\u00e9m: <a href=\"https:\/\/www.sincomam.org.br\/index.php\/ir-2020-receita-libera-consulta-ao-primeiro-lote-de-restituicoes\/\" target=\"_blank\" rel=\"noopener noreferrer\">Confira o calend\u00e1rio das datas de pagamento do IR 2020<\/a><\/strong><\/p>\n<p><strong>Veja:<a href=\"https:\/\/www.sincomam.org.br\/index.php\/receita-libera-hoje-consulta-a-restituicoes-do-ir-que-cairam-na-malha-fina\/\" target=\"_blank\" rel=\"noopener noreferrer\"> Consulta a restitui\u00e7\u00f5es do IR que ca\u00edram na malha fina<\/a><\/strong><\/p>\n","protected":false},"excerpt":{"rendered":"<p>Est\u00e3o sendo depositados R$ 2 bilh\u00f5es para 901.077 contribuintes A Receita Federal paga nesta sexta-feira (29) as restitui\u00e7\u00f5es do primeiro lote do Imposto de Renda&#8230;<\/p>\n","protected":false},"author":1182,"featured_media":29597,"comment_status":"closed","ping_status":"closed","sticky":false,"template":"","format":"standard","meta":{"footnotes":""},"categories":[6],"tags":[2817,3085,3086,2752,2782,1323,203,3084,325,951,204,326,216],"class_list":["post-29596","post","type-post","status-publish","format-standard","has-post-thumbnail","hentry","category-noticias","tag-calendario","tag-consulta","tag-contribuinte","tag-coronavirus","tag-datas","tag-federal","tag-imposto-de-renda","tag-irpf","tag-liberacao","tag-lote","tag-pagamento","tag-receita","tag-restituicao"],"_links":{"self":[{"href":"https:\/\/www.sincomam.org.br\/index.php\/wp-json\/wp\/v2\/posts\/29596","targetHints":{"allow":["GET"]}}],"collection":[{"href":"https:\/\/www.sincomam.org.br\/index.php\/wp-json\/wp\/v2\/posts"}],"about":[{"href":"https:\/\/www.sincomam.org.br\/index.php\/wp-json\/wp\/v2\/types\/post"}],"author":[{"embeddable":true,"href":"https:\/\/www.sincomam.org.br\/index.php\/wp-json\/wp\/v2\/users\/1182"}],"replies":[{"embeddable":true,"href":"https:\/\/www.sincomam.org.br\/index.php\/wp-json\/wp\/v2\/comments?post=29596"}],"version-history":[{"count":1,"href":"https:\/\/www.sincomam.org.br\/index.php\/wp-json\/wp\/v2\/posts\/29596\/revisions"}],"predecessor-version":[{"id":29598,"href":"https:\/\/www.sincomam.org.br\/index.php\/wp-json\/wp\/v2\/posts\/29596\/revisions\/29598"}],"wp:featuredmedia":[{"embeddable":true,"href":"https:\/\/www.sincomam.org.br\/index.php\/wp-json\/wp\/v2\/media\/29597"}],"wp:attachment":[{"href":"https:\/\/www.sincomam.org.br\/index.php\/wp-json\/wp\/v2\/media?parent=29596"}],"wp:term":[{"taxonomy":"category","embeddable":true,"href":"https:\/\/www.sincomam.org.br\/index.php\/wp-json\/wp\/v2\/categories?post=29596"},{"taxonomy":"post_tag","embeddable":true,"href":"https:\/\/www.sincomam.org.br\/index.php\/wp-json\/wp\/v2\/tags?post=29596"}],"curies":[{"name":"wp","href":"https:\/\/api.w.org\/{rel}","templated":true}]}}