{"id":29555,"date":"2020-05-28T10:38:34","date_gmt":"2020-05-28T13:38:34","guid":{"rendered":"http:\/\/www.sincomam.org.br\/?p=29555"},"modified":"2020-05-28T10:38:34","modified_gmt":"2020-05-28T13:38:34","slug":"populacao-ocupada-tem-queda-recorde-e-desemprego-atinge-126-em-abril-diz-ibge","status":"publish","type":"post","link":"https:\/\/www.sincomam.org.br\/index.php\/populacao-ocupada-tem-queda-recorde-e-desemprego-atinge-126-em-abril-diz-ibge\/","title":{"rendered":"Popula\u00e7\u00e3o ocupada tem queda recorde e desemprego atinge 12,6% em abril, diz IBGE"},"content":{"rendered":"<p><strong><em>Em rela\u00e7\u00e3o ao trimestre encerrado em janeiro, j\u00e1 s\u00e3o 4,9 milh\u00f5es de postos de trabalho perdidos, segundo a pesquisa; informais s\u00e3o os mais afetados<\/em><\/strong><\/p>\n<p>O desemprego no Brasil voltou a subir em abril e atingiu 12,6%, afetando 12,8 milh\u00f5es de pessoas, segundo dados da Pesquisa Nacional por Amostra de Domic\u00edlios (Pnad), divulgada nesta quinta-feira (28) pelo Instituto Brasileiro de Geografia e Estat\u00edstica (IBGE). A taxa \u00e9 superior aos 11,2% do trimestre encerrado em janeiro e a maior desde mar\u00e7o do ano passado (12,7%).<\/p>\n<p>Em rela\u00e7\u00e3o ao trimestre encerrado em abril de 2019, o mesmo per\u00edodo da pesquisa divulgada nesta quinta, a taxa ficou estatisticamente est\u00e1vel, j\u00e1 que o \u00edndice de desemprego daquele per\u00edodo era de 12,5%.<\/p>\n<p>A popula\u00e7\u00e3o ocupada teve uma queda recorde de 5,2% em tr\u00eas meses, desde janeiro deste ano, e caiu para menos de 90 milh\u00f5es de brasileiros. Ao todo, 4,9 milh\u00f5es de postos de trabalho foram fechados. Desse montante, 3,7 milh\u00f5es eram trabalhadores informais.<\/p>\n<p>O n\u00famero de desempregados, por\u00e9m, cresceu 898 mil pessoas, segundo o IBGE, porque, para ser caracterizado como desempregado, o trabalhador precisa estar procurando emprego. O n\u00famero de desempregados s\u00f3 n\u00e3o foi maior, portanto, porque milh\u00f5es deixaram de procurar emprego.<\/p>\n<p>Em abril, a popula\u00e7\u00e3o que n\u00e3o trabalha teve alta de 7,9% &#8211; mais 5,2 milh\u00f5es de pessoas &#8211; em tr\u00eas meses, chegando a 70,9 milh\u00f5es de brasileiros. Em rela\u00e7\u00e3o ao mesmo per\u00edodo do ano passado, a queda foi de 9,2% &#8211; mais 6 milh\u00f5es de pessoas.<\/p>\n<p>Segundo o IBGE, est\u00e3o fora da for\u00e7a de trabalho aqueles que n\u00e3o procuraram emprego, mas gostariam de ter um, ou os que chegaram a buscar emprego, mas n\u00e3o estavam dispon\u00edveis para trabalhar quando a pesquisa foi feita.\u00a0 O desalento, que consiste em pessoas que desistiram de procurar emprego, tamb\u00e9m subiu &#8211; 7%, 328 mil pessoas a mais &#8211; no trimestre terminado em abril, atingindo 5 milh\u00f5es de pessoas no Brasil.<\/p>\n<p>Embora os informais tenham sido os mais afetados pelas demiss\u00f5es, como mostram os n\u00fameros e a pesquisa, os trabalhadores com carteira assinada tamb\u00e9m t\u00eam motivos para temer o desemprego. Em abril, o n\u00famero de postos de trabalho com CLT atingiu o menor n\u00famero da s\u00e9rie hist\u00f3rica da pesquisa do IBGE, iniciada em 20112: apenas 32,2 milh\u00f5es de pessoas.<\/p>\n<p>Os tr\u00eas setores que mais demitiram neste ano foram:<\/p>\n<ul>\n<li>Com\u00e9rcio: 1,2 milh\u00e3o de pessoas;<\/li>\n<li>Constru\u00e7\u00e3o: 885 mil pessoas;<\/li>\n<li>Servi\u00e7os dom\u00e9sticos: 727 mil pessoas &#8211; maior queda da s\u00e9rie hist\u00f3rica.<\/li>\n<\/ul>\n<p>Para tentar evitar uma perda ainda maior de empregos formais, o governo editou medidas emergenciais que permitem redu\u00e7\u00e3o tempor\u00e1ria de jornada e sal\u00e1rio, com percentuais de 25%, 50% e 70%, por tr\u00eas meses, ou ainda a suspens\u00e3o do contrato de trabalho por dois meses, em troca de garantia de estabilidade pelo mesmo per\u00edodo. Ou seja, quem teve o sal\u00e1rio reduzido por tr\u00eas meses, em tese, ficaria mais tr\u00eas meses ap\u00f3s esse per\u00edodo com seu emprego garantido. Empresas que demitirem mesmo assim ter\u00e3o de pagar, al\u00e9m da rescis\u00e3o normal, uma multa ao trabalhador.<\/p>\n<p>Segundo dados do Minist\u00e9rio da Economia, 8,1 milh\u00f5es de trabalhadores foram inclu\u00eddos ao que o governo chama de Programa Emergencial de Manuten\u00e7\u00e3o do Emprego e da Renda.<\/p>\n<p>Para ajudar os informais na crise causada pela pandemia do novo coronav\u00edrus (Sars-Cov-2), governo e Congresso criaram o aux\u00edlio emergencial, que rende ao trabalhador uma ajuda de R$ 600, a ser paga em tr\u00eas parcelas. Cerca de 53 milh\u00f5es de brasileiros j\u00e1 receberam a primeira parcela, e boa parte tamb\u00e9m j\u00e1 recebeu a segunda.<\/p>\n<p>Fonte: Brasil Econ\u00f4mico<\/p>\n<p><strong>Leia tamb\u00e9m:<a href=\"https:\/\/www.sincomam.org.br\/index.php\/auxilio-emergencial-quem-receber-os-r-600-pode-ter-que-devolver-em-2021\/\" target=\"_blank\" rel=\"noopener noreferrer\"> Saiba como receber a segunda parcela do Aux\u00edlio Emergencial<\/a><\/strong><\/p>\n","protected":false},"excerpt":{"rendered":"<p>Em rela\u00e7\u00e3o ao trimestre encerrado em janeiro, j\u00e1 s\u00e3o 4,9 milh\u00f5es de postos de trabalho perdidos, segundo a pesquisa; informais s\u00e3o os mais afetados O&#8230;<\/p>\n","protected":false},"author":1182,"featured_media":29556,"comment_status":"closed","ping_status":"closed","sticky":false,"template":"","format":"standard","meta":{"footnotes":""},"categories":[6],"tags":[1757,61,2752,2831,833,856,432,1848,1375],"class_list":["post-29555","post","type-post","status-publish","format-standard","has-post-thumbnail","hentry","category-noticias","tag-auxilio","tag-brasil","tag-coronavirus","tag-dados","tag-desemprego","tag-economia","tag-emergencial","tag-ibge","tag-populacao"],"_links":{"self":[{"href":"https:\/\/www.sincomam.org.br\/index.php\/wp-json\/wp\/v2\/posts\/29555","targetHints":{"allow":["GET"]}}],"collection":[{"href":"https:\/\/www.sincomam.org.br\/index.php\/wp-json\/wp\/v2\/posts"}],"about":[{"href":"https:\/\/www.sincomam.org.br\/index.php\/wp-json\/wp\/v2\/types\/post"}],"author":[{"embeddable":true,"href":"https:\/\/www.sincomam.org.br\/index.php\/wp-json\/wp\/v2\/users\/1182"}],"replies":[{"embeddable":true,"href":"https:\/\/www.sincomam.org.br\/index.php\/wp-json\/wp\/v2\/comments?post=29555"}],"version-history":[{"count":1,"href":"https:\/\/www.sincomam.org.br\/index.php\/wp-json\/wp\/v2\/posts\/29555\/revisions"}],"predecessor-version":[{"id":29557,"href":"https:\/\/www.sincomam.org.br\/index.php\/wp-json\/wp\/v2\/posts\/29555\/revisions\/29557"}],"wp:featuredmedia":[{"embeddable":true,"href":"https:\/\/www.sincomam.org.br\/index.php\/wp-json\/wp\/v2\/media\/29556"}],"wp:attachment":[{"href":"https:\/\/www.sincomam.org.br\/index.php\/wp-json\/wp\/v2\/media?parent=29555"}],"wp:term":[{"taxonomy":"category","embeddable":true,"href":"https:\/\/www.sincomam.org.br\/index.php\/wp-json\/wp\/v2\/categories?post=29555"},{"taxonomy":"post_tag","embeddable":true,"href":"https:\/\/www.sincomam.org.br\/index.php\/wp-json\/wp\/v2\/tags?post=29555"}],"curies":[{"name":"wp","href":"https:\/\/api.w.org\/{rel}","templated":true}]}}