{"id":29531,"date":"2020-05-27T13:08:56","date_gmt":"2020-05-27T16:08:56","guid":{"rendered":"http:\/\/www.sincomam.org.br\/?p=29531"},"modified":"2020-05-27T13:08:56","modified_gmt":"2020-05-27T16:08:56","slug":"petrobras-e-ogci-reafirmam-compromisso-pelo-clima-durante-pandemia-de-covid-19","status":"publish","type":"post","link":"https:\/\/www.sincomam.org.br\/index.php\/petrobras-e-ogci-reafirmam-compromisso-pelo-clima-durante-pandemia-de-covid-19\/","title":{"rendered":"Petrobras e OGCI reafirmam compromisso pelo clima durante pandemia de Covid-19"},"content":{"rendered":"<p><strong><em>Em meio \u00e0 crise, CEOs refor\u00e7am apoio \u00e0s iniciativas da entidade, que re\u00fane empresas do setor de \u00f3leo e g\u00e1s em a\u00e7\u00f5es pelo clima<\/em><\/strong><\/p>\n<p>O presidente da Petrobras, Roberto Castello Branco, e os outros 11 CEOs de companhias integrantes da OGCI (<em>Oil and Gas Climate Initiative<\/em>), publicaram nesta ter\u00e7a-feira (26\/5) carta aberta reafirmando o compromisso do setor de petr\u00f3leo e g\u00e1s com a miss\u00e3o da entidade neste momento de crise mundial no combate \u00e0 pandemia de Covid-19.<\/p>\n<p>&#8220;A crise est\u00e1 cristalizando ainda mais nosso foco no que \u00e9 essencial: sa\u00fade, seguran\u00e7a e prote\u00e7\u00e3o do ambiente, enquanto provemos energia e produtos vitais que a sociedade precisa para a recupera\u00e7\u00e3o econ\u00f4mica&#8221;, afirma um dos trechos da carta.<\/p>\n<p>A OGCI, da qual a Petrobras faz parte desde janeiro de 2018, \u00e9 um grupo liderado por presidentes de empresas de petr\u00f3leo e g\u00e1s que pretende conduzir uma resposta do setor \u00e0s mudan\u00e7as clim\u00e1ticas, reunir conhecimento e colaborar com a\u00e7\u00f5es para reduzir a emiss\u00e3o de gases de efeito estufa.<\/p>\n<p>Em seu Planejamento Estrat\u00e9gico, a Petrobras estipulou dez compromissos com a agenda de baixo carbono e sustentabilidade. O plano inclui a\u00e7\u00f5es para descarboniza\u00e7\u00e3o de seus processos e produtos e metas associadas \u00e0 intensidade de gases de efeito estufa emitidos.<\/p>\n<p>Com informa\u00e7\u00f5es da Ag\u00eancia Petrobras<\/p>\n","protected":false},"excerpt":{"rendered":"<p>Em meio \u00e0 crise, CEOs refor\u00e7am apoio \u00e0s iniciativas da entidade, que re\u00fane empresas do setor de \u00f3leo e g\u00e1s em a\u00e7\u00f5es pelo clima O&#8230;<\/p>\n","protected":false},"author":1182,"featured_media":28309,"comment_status":"closed","ping_status":"closed","sticky":false,"template":"","format":"standard","meta":{"footnotes":""},"categories":[6],"tags":[3075,3074,3072,58,3073],"class_list":["post-29531","post","type-post","status-publish","format-standard","has-post-thumbnail","hentry","category-noticias","tag-clima","tag-compromisso","tag-ogci","tag-petrobras","tag-reafirmacao"],"_links":{"self":[{"href":"https:\/\/www.sincomam.org.br\/index.php\/wp-json\/wp\/v2\/posts\/29531","targetHints":{"allow":["GET"]}}],"collection":[{"href":"https:\/\/www.sincomam.org.br\/index.php\/wp-json\/wp\/v2\/posts"}],"about":[{"href":"https:\/\/www.sincomam.org.br\/index.php\/wp-json\/wp\/v2\/types\/post"}],"author":[{"embeddable":true,"href":"https:\/\/www.sincomam.org.br\/index.php\/wp-json\/wp\/v2\/users\/1182"}],"replies":[{"embeddable":true,"href":"https:\/\/www.sincomam.org.br\/index.php\/wp-json\/wp\/v2\/comments?post=29531"}],"version-history":[{"count":1,"href":"https:\/\/www.sincomam.org.br\/index.php\/wp-json\/wp\/v2\/posts\/29531\/revisions"}],"predecessor-version":[{"id":29538,"href":"https:\/\/www.sincomam.org.br\/index.php\/wp-json\/wp\/v2\/posts\/29531\/revisions\/29538"}],"wp:featuredmedia":[{"embeddable":true,"href":"https:\/\/www.sincomam.org.br\/index.php\/wp-json\/wp\/v2\/media\/28309"}],"wp:attachment":[{"href":"https:\/\/www.sincomam.org.br\/index.php\/wp-json\/wp\/v2\/media?parent=29531"}],"wp:term":[{"taxonomy":"category","embeddable":true,"href":"https:\/\/www.sincomam.org.br\/index.php\/wp-json\/wp\/v2\/categories?post=29531"},{"taxonomy":"post_tag","embeddable":true,"href":"https:\/\/www.sincomam.org.br\/index.php\/wp-json\/wp\/v2\/tags?post=29531"}],"curies":[{"name":"wp","href":"https:\/\/api.w.org\/{rel}","templated":true}]}}