{"id":29517,"date":"2020-05-27T12:51:05","date_gmt":"2020-05-27T15:51:05","guid":{"rendered":"http:\/\/www.sincomam.org.br\/?p=29517"},"modified":"2020-05-27T12:51:05","modified_gmt":"2020-05-27T15:51:05","slug":"caixa-paga-auxilio-a-informais-mei-autonomos-e-desempregados","status":"publish","type":"post","link":"https:\/\/www.sincomam.org.br\/index.php\/caixa-paga-auxilio-a-informais-mei-autonomos-e-desempregados\/","title":{"rendered":"Caixa paga aux\u00edlio a informais, MEI, aut\u00f4nomos e desempregados"},"content":{"rendered":"<p><strong><em>Pagamento \u00e9 feito de acordo com o m\u00eas de nascimento<\/em><\/strong><\/p>\n<p>A Caixa Econ\u00f4mica Federal continua hoje (27) pagando o aux\u00edlio emergencial de R$ 600 (R$ 1,2 mil para m\u00e3es solteiras) destinado a trabalhadores informais, microempreendedores individuais, aut\u00f4nomos e desempregados.<\/p>\n<p>No caso do Bolsa Fam\u00edlia, o calend\u00e1rio est\u00e1 dividido conforme as datas habituais de pagamento para quem integra o programa. Para as demais pessoas, o pagamento \u00e9 feito de acordo com o m\u00eas de nascimento.<\/p>\n<p>Hoje (27), tamb\u00e9m ser\u00e1 feito o pagamento para os benefici\u00e1rios do Programa Bolsa Fam\u00edlia com N\u00famero de Inscri\u00e7\u00e3o Social (NIS) final 8. O cr\u00e9dito segue sendo feito para um NIS por dia at\u00e9 o n\u00famero zero, a ser pago na pr\u00f3xima sexta-feira (29). Os benefici\u00e1rios podem sacar o benef\u00edcio pelo cart\u00e3o do Bolsa Fam\u00edlia.<\/p>\n<p><strong>Segunda parcela nas contas digitais<\/strong><\/p>\n<p>O calend\u00e1rio de cr\u00e9dito na poupan\u00e7a social digital da Caixa terminou ontem (26), com os nascidos em novembro e dezembro. Os dep\u00f3sitos come\u00e7aram a ser feitos no \u00faltimo dia 20, para os benefici\u00e1rios que receberam a primeira parcela at\u00e9 o dia 30 de abril e n\u00e3o s\u00e3o do Bolsa Fam\u00edlia.<\/p>\n<p><strong>Saques da segunda parcela<\/strong><\/p>\n<p>O calend\u00e1rio para saques da segunda parcela \u00e9 diferente do calend\u00e1rio do cr\u00e9dito nas contas digitais e tem in\u00edcio no pr\u00f3ximo s\u00e1bado (30), para os nascidos em janeiro.<\/p>\n<p>No dia 1\u00ba de junho, os saques ser\u00e3o permitidos para quem nasceu em fevereiro, seguindo nessa ordem at\u00e9 13 de junho para os nascidos em dezembro. No dia 7 de junho (domingo) n\u00e3o haver\u00e1 saques.<\/p>\n<p><strong>Saque da primeira parcela<\/strong><\/p>\n<p>Hoje (27), poder\u00e3o sacar em dinheiro os benefici\u00e1rios nascidos em outubro; na quinta (28), os de novembro, e na sexta-feira (29), os de dezembro.<\/p>\n<p>Quem n\u00e3o conseguir ir ao banco no dia correspondente ao m\u00eas de anivers\u00e1rio pode ir em data posterior.<\/p>\n<p>Fonte: Ag\u00eancia Brasil<\/p>\n<p><strong>Leia tamb\u00e9m: <a href=\"https:\/\/www.sincomam.org.br\/index.php\/auxilio-emergencial-quem-receber-os-r-600-pode-ter-que-devolver-em-2021\/\" target=\"_blank\" rel=\"noopener noreferrer\">Caixa informa que benefici\u00e1rios podem precisar devolver aux\u00edlio emergencial<\/a><\/strong><\/p>\n","protected":false},"excerpt":{"rendered":"<p>Pagamento \u00e9 feito de acordo com o m\u00eas de nascimento A Caixa Econ\u00f4mica Federal continua hoje (27) pagando o aux\u00edlio emergencial de R$ 600 (R$&#8230;<\/p>\n","protected":false},"author":1182,"featured_media":17827,"comment_status":"closed","ping_status":"closed","sticky":false,"template":"","format":"standard","meta":{"footnotes":""},"categories":[6],"tags":[3069,1757,390,3070,3067,3068,204],"class_list":["post-29517","post","type-post","status-publish","format-standard","has-post-thumbnail","hentry","category-noticias","tag-autonomos","tag-auxilio","tag-caixa","tag-desempregados","tag-informais","tag-mei","tag-pagamento"],"_links":{"self":[{"href":"https:\/\/www.sincomam.org.br\/index.php\/wp-json\/wp\/v2\/posts\/29517","targetHints":{"allow":["GET"]}}],"collection":[{"href":"https:\/\/www.sincomam.org.br\/index.php\/wp-json\/wp\/v2\/posts"}],"about":[{"href":"https:\/\/www.sincomam.org.br\/index.php\/wp-json\/wp\/v2\/types\/post"}],"author":[{"embeddable":true,"href":"https:\/\/www.sincomam.org.br\/index.php\/wp-json\/wp\/v2\/users\/1182"}],"replies":[{"embeddable":true,"href":"https:\/\/www.sincomam.org.br\/index.php\/wp-json\/wp\/v2\/comments?post=29517"}],"version-history":[{"count":1,"href":"https:\/\/www.sincomam.org.br\/index.php\/wp-json\/wp\/v2\/posts\/29517\/revisions"}],"predecessor-version":[{"id":29522,"href":"https:\/\/www.sincomam.org.br\/index.php\/wp-json\/wp\/v2\/posts\/29517\/revisions\/29522"}],"wp:featuredmedia":[{"embeddable":true,"href":"https:\/\/www.sincomam.org.br\/index.php\/wp-json\/wp\/v2\/media\/17827"}],"wp:attachment":[{"href":"https:\/\/www.sincomam.org.br\/index.php\/wp-json\/wp\/v2\/media?parent=29517"}],"wp:term":[{"taxonomy":"category","embeddable":true,"href":"https:\/\/www.sincomam.org.br\/index.php\/wp-json\/wp\/v2\/categories?post=29517"},{"taxonomy":"post_tag","embeddable":true,"href":"https:\/\/www.sincomam.org.br\/index.php\/wp-json\/wp\/v2\/tags?post=29517"}],"curies":[{"name":"wp","href":"https:\/\/api.w.org\/{rel}","templated":true}]}}