{"id":29492,"date":"2020-05-27T12:23:15","date_gmt":"2020-05-27T15:23:15","guid":{"rendered":"http:\/\/www.sincomam.org.br\/?p=29492"},"modified":"2020-05-27T12:28:43","modified_gmt":"2020-05-27T15:28:43","slug":"covid-19-mec-suspende-pagamento-de-parcelas-do-fies","status":"publish","type":"post","link":"https:\/\/www.sincomam.org.br\/index.php\/covid-19-mec-suspende-pagamento-de-parcelas-do-fies\/","title":{"rendered":"MEC suspende pagamento de parcelas do Fies devido Covid-19"},"content":{"rendered":"<p><em><strong>Minist\u00e9rio da Educa\u00e7\u00e3o (MEC) suspendeu o pagamento de parcelas do Fundo de Financiamento Estudantil (FIES) por causa da pandemia do coronav\u00edrus\u00a0<\/strong><\/em><\/p>\n<p>O Comit\u00ea Gestor do Fundo de Financiamento Estudantil (Fies) autorizou a suspens\u00e3o das parcelas dos contratos de financiamento estudantil concedidos com recursos do Fies, que estejam na fase de utiliza\u00e7\u00e3o, car\u00eancia ou amortiza\u00e7\u00e3o, durante o estado de calamidade p\u00fablica em raz\u00e3o da pandemia de covid-19. A resolu\u00e7\u00e3o foi publicada hoje (25) no Di\u00e1rio Oficial da Uni\u00e3o.<\/p>\n<p>A medida est\u00e1 prevista na Lei n\u00ba 13.998\/2020, sancionada neste m\u00eas pelo presidente Jair Bolsonaro. O estudante que tiver interesse em suspender as parcelas dever\u00e1 se manifestar junto ao banco at\u00e9 31 de dezembro. A suspens\u00e3o vale para os contratos que estavam em dia antes da decreta\u00e7\u00e3o do estado de calamidade p\u00fablica, reconhecido em 20 de mar\u00e7o, e ser\u00e1 retroativa \u00e0s parcelas que n\u00e3o foram pagas desde ent\u00e3o.<\/p>\n<p>Est\u00e1 permitida a suspens\u00e3o de duas parcelas para os contratos em fase de utiliza\u00e7\u00e3o ou car\u00eancia (referente aos juros trimestrais para contratos feitos at\u00e9 o 2\u00ba semestre de 2017) e de quatro parcelas para os contratos em fase de amortiza\u00e7\u00e3o, dos estudantes que j\u00e1 conclu\u00edram o curso. O governo federal poder\u00e1 prorrogar esses prazos.<\/p>\n<p>De acordo com a resolu\u00e7\u00e3o, as parcelas suspensas ser\u00e3o incorporadas ao saldo devedor do contrato do estudante.<\/p>\n<p><strong>FIES<\/strong><\/p>\n<p>O Fies \u00e9 um programa de financiamento para estudantes cursarem o ensino superior em universidades privadas. O interessado em suspender o pagamento deve entrar em contato com o agente financeiro do Fies, respons\u00e1vel pelo contrato.<\/p>\n<p>Fonte: Ag\u00eancia Brasil<\/p>\n","protected":false},"excerpt":{"rendered":"<p>Minist\u00e9rio da Educa\u00e7\u00e3o (MEC) suspendeu o pagamento de parcelas do Fundo de Financiamento Estudantil (FIES) por causa da pandemia do coronav\u00edrus\u00a0 O Comit\u00ea Gestor do&#8230;<\/p>\n","protected":false},"author":1182,"featured_media":29494,"comment_status":"closed","ping_status":"closed","sticky":false,"template":"","format":"standard","meta":{"footnotes":""},"categories":[6],"tags":[2784,2752,2751,2970,192,1353,516,204,3066,517],"class_list":["post-29492","post","type-post","status-publish","format-standard","has-post-thumbnail","hentry","category-noticias","tag-autorizacao","tag-coronavirus","tag-covid-19","tag-fies","tag-governo","tag-mec","tag-medida","tag-pagamento","tag-parcelas","tag-suspensao"],"_links":{"self":[{"href":"https:\/\/www.sincomam.org.br\/index.php\/wp-json\/wp\/v2\/posts\/29492","targetHints":{"allow":["GET"]}}],"collection":[{"href":"https:\/\/www.sincomam.org.br\/index.php\/wp-json\/wp\/v2\/posts"}],"about":[{"href":"https:\/\/www.sincomam.org.br\/index.php\/wp-json\/wp\/v2\/types\/post"}],"author":[{"embeddable":true,"href":"https:\/\/www.sincomam.org.br\/index.php\/wp-json\/wp\/v2\/users\/1182"}],"replies":[{"embeddable":true,"href":"https:\/\/www.sincomam.org.br\/index.php\/wp-json\/wp\/v2\/comments?post=29492"}],"version-history":[{"count":2,"href":"https:\/\/www.sincomam.org.br\/index.php\/wp-json\/wp\/v2\/posts\/29492\/revisions"}],"predecessor-version":[{"id":29498,"href":"https:\/\/www.sincomam.org.br\/index.php\/wp-json\/wp\/v2\/posts\/29492\/revisions\/29498"}],"wp:featuredmedia":[{"embeddable":true,"href":"https:\/\/www.sincomam.org.br\/index.php\/wp-json\/wp\/v2\/media\/29494"}],"wp:attachment":[{"href":"https:\/\/www.sincomam.org.br\/index.php\/wp-json\/wp\/v2\/media?parent=29492"}],"wp:term":[{"taxonomy":"category","embeddable":true,"href":"https:\/\/www.sincomam.org.br\/index.php\/wp-json\/wp\/v2\/categories?post=29492"},{"taxonomy":"post_tag","embeddable":true,"href":"https:\/\/www.sincomam.org.br\/index.php\/wp-json\/wp\/v2\/tags?post=29492"}],"curies":[{"name":"wp","href":"https:\/\/api.w.org\/{rel}","templated":true}]}}