{"id":29489,"date":"2020-05-27T12:11:06","date_gmt":"2020-05-27T15:11:06","guid":{"rendered":"http:\/\/www.sincomam.org.br\/?p=29489"},"modified":"2020-05-27T12:11:06","modified_gmt":"2020-05-27T15:11:06","slug":"patrulha-tucunare-recupera-embarcacao-furtada-pertencente-ao-governo-do-para","status":"publish","type":"post","link":"https:\/\/www.sincomam.org.br\/index.php\/patrulha-tucunare-recupera-embarcacao-furtada-pertencente-ao-governo-do-para\/","title":{"rendered":"Patrulha \u201cTucunar\u00e9\u201d recupera embarca\u00e7\u00e3o furtada pertencente ao Governo do Par\u00e1"},"content":{"rendered":"<p><strong><em>Embarca\u00e7\u00e3o foi rebocada pela equipe militar<\/em><\/strong><\/p>\n<p>A Marinha do Brasil informa que, no dia 23 de maio, durante as a\u00e7\u00f5es de patrulhamento em cumprimento \u00e0 Opera\u00e7\u00e3o \u201cVerde Brasil II\u201d, o Aviso de Patrulha (AviPa) \u201dTucunar\u00e9\u201c, subordinado ao Comando do Grupamento de Patrulha Naval do Norte, recuperou uma embarca\u00e7\u00e3o do Governo do Estado do Par\u00e1, de responsabilidade da Secretaria de Sa\u00fade do Estado do Par\u00e1 (SESPA), que realiza atendimentos das comunidades ribeirinhas, no munic\u00edpio de Curralinho-PA. A embarca\u00e7\u00e3o havia sido furtada na madrugada do dia 22 de maio, no porto da cidade.<\/p>\n<p>Segundo a Marinha, a embarca\u00e7\u00e3o encontrava-se \u00e0 deriva, sem tripula\u00e7\u00e3o e com falta de alguns equipamentos. Ap\u00f3s a abordagem, a embarca\u00e7\u00e3o foi rebocada de volta ao munic\u00edpio e entregue em seguran\u00e7a ao representante da SESPA do munic\u00edpio.<\/p>\n<p>O AviPa \u201cTucunar\u00e9\u201d continua na Opera\u00e7\u00e3o \u201cVerde Brasil II\u201d, atuando em a\u00e7\u00f5es preventivas e repressivas contra delitos ambientais e prestando apoio aos \u00f3rg\u00e3os estaduais. Em proveito, tamb\u00e9m realiza a\u00e7\u00f5es de conscientiza\u00e7\u00e3o junto \u00e0 popula\u00e7\u00e3o ribeirinha quanto ao combate da Covid-19.<\/p>\n<p>Fonte: Marinha do Brasil<\/p>\n","protected":false},"excerpt":{"rendered":"<p>Embarca\u00e7\u00e3o foi rebocada pela equipe militar A Marinha do Brasil informa que, no dia 23 de maio, durante as a\u00e7\u00f5es de patrulhamento em cumprimento \u00e0&#8230;<\/p>\n","protected":false},"author":1182,"featured_media":29490,"comment_status":"closed","ping_status":"closed","sticky":false,"template":"","format":"standard","meta":{"footnotes":""},"categories":[6],"tags":[352,492,47,513,1255,394,3065],"class_list":["post-29489","post","type-post","status-publish","format-standard","has-post-thumbnail","hentry","category-noticias","tag-embarcacao","tag-militar","tag-navio","tag-para","tag-patrulha","tag-resgate","tag-tucunare"],"_links":{"self":[{"href":"https:\/\/www.sincomam.org.br\/index.php\/wp-json\/wp\/v2\/posts\/29489","targetHints":{"allow":["GET"]}}],"collection":[{"href":"https:\/\/www.sincomam.org.br\/index.php\/wp-json\/wp\/v2\/posts"}],"about":[{"href":"https:\/\/www.sincomam.org.br\/index.php\/wp-json\/wp\/v2\/types\/post"}],"author":[{"embeddable":true,"href":"https:\/\/www.sincomam.org.br\/index.php\/wp-json\/wp\/v2\/users\/1182"}],"replies":[{"embeddable":true,"href":"https:\/\/www.sincomam.org.br\/index.php\/wp-json\/wp\/v2\/comments?post=29489"}],"version-history":[{"count":1,"href":"https:\/\/www.sincomam.org.br\/index.php\/wp-json\/wp\/v2\/posts\/29489\/revisions"}],"predecessor-version":[{"id":29491,"href":"https:\/\/www.sincomam.org.br\/index.php\/wp-json\/wp\/v2\/posts\/29489\/revisions\/29491"}],"wp:featuredmedia":[{"embeddable":true,"href":"https:\/\/www.sincomam.org.br\/index.php\/wp-json\/wp\/v2\/media\/29490"}],"wp:attachment":[{"href":"https:\/\/www.sincomam.org.br\/index.php\/wp-json\/wp\/v2\/media?parent=29489"}],"wp:term":[{"taxonomy":"category","embeddable":true,"href":"https:\/\/www.sincomam.org.br\/index.php\/wp-json\/wp\/v2\/categories?post=29489"},{"taxonomy":"post_tag","embeddable":true,"href":"https:\/\/www.sincomam.org.br\/index.php\/wp-json\/wp\/v2\/tags?post=29489"}],"curies":[{"name":"wp","href":"https:\/\/api.w.org\/{rel}","templated":true}]}}