{"id":29482,"date":"2020-05-27T11:57:57","date_gmt":"2020-05-27T14:57:57","guid":{"rendered":"http:\/\/www.sincomam.org.br\/?p=29482"},"modified":"2020-05-27T12:02:03","modified_gmt":"2020-05-27T15:02:03","slug":"auxilio-emergencial-quem-receber-os-r-600-pode-ter-que-devolver-em-2021","status":"publish","type":"post","link":"https:\/\/www.sincomam.org.br\/index.php\/auxilio-emergencial-quem-receber-os-r-600-pode-ter-que-devolver-em-2021\/","title":{"rendered":"Aux\u00edlio emergencial: quem receber os R$ 600 pode ter que devolver em 2021"},"content":{"rendered":"<p><strong><em>Altera\u00e7\u00e3o na lei diz que benefici\u00e1rio ter\u00e1 que devolver o valor no ano que vem caso termine 2020 com renda acima do limite de isen\u00e7\u00e3o do IR<\/em><\/strong><\/p>\n<p>A lei do aux\u00edlio emergencial sofreu uma nova altera\u00e7\u00e3o, que torna o benef\u00edcio um empr\u00e9stimo para quem se recuperar financeiramente at\u00e9 2021. A mudan\u00e7a feita pelo Senado e sancionada pelo presidente Jair Bolsonaro determina que, a pessoa que receber a quantia em 2020 mais do que o limite de isen\u00e7\u00e3o do Imposto de Renda (IR) ter\u00e1 que devolver o valor integral em 2021, inclusive o dos dependentes.<\/p>\n<p>Atualmente, n\u00e3o paga IR quem recebeu at\u00e9 R$ 28.559,70 no ano inteiro, com sal\u00e1rios, aposentadorias ou alugu\u00e9is, por exemplo. Esse valor pode mudar para a declara\u00e7\u00e3o do ano que vem, mas ele n\u00e3o \u00e9 atualizado desde 2015.<\/p>\n<p>A lei do aux\u00edlio emergencial, inicialmente, exclu\u00eda pessoas que tivessem recebido valor maior do que R$ 28.559,70 em 2018, deixando de fora pessoas que tinham certa renda h\u00e1 dois anos, mas que necessitam de aux\u00edlio governamental diante da crise.<\/p>\n<p>Ap\u00f3s a primeira parcela, a C\u00e2mara e o Senado aprovaram um projeto que derrubou este crit\u00e9rio. Por outro lado, foi adicionado ao texto a obriga\u00e7\u00e3o de devolver o aux\u00edlio caso o benefici\u00e1rio termine o ano de 2020 com renda acima do limite de isen\u00e7\u00e3o do imposto de renda.<\/p>\n<p>De acordo com o relator do texto final, o senador Espiridi\u00e3o Amin (PP-SC), existia um acordo com o governo federal para que as duas altera\u00e7\u00f5es fossem aprovadas; juntas, formariam um crit\u00e9rio mais justo para analisar quem teria direito \u00e0s parcelas.<\/p>\n<p>No entanto, o senador diz que o governo n\u00e3o cumpriu com o combinado e aprovou apenas metade do acordo. Dessa forma, o presidente Bolsonaro manteve o crit\u00e9rio que exclui pessoas por causa da renda de 2018, mas sancionou medida que exige devolu\u00e7\u00e3o do valor recebido por quem se recuperar ao longo de 2020.<\/p>\n<p>Fonte: IG Economia<\/p>\n<p><strong>Leia tamb\u00e9m: <a href=\"https:\/\/www.sincomam.org.br\/index.php\/caixa-paga-hoje-segunda-parcela-de-auxilio-emergencial\/\" target=\"_blank\" rel=\"noopener noreferrer\">Caixa iniciou o pagamento da segunda parcela do aux\u00edlio emergencial<\/a><\/strong><\/p>\n","protected":false},"excerpt":{"rendered":"<p>Altera\u00e7\u00e3o na lei diz que benefici\u00e1rio ter\u00e1 que devolver o valor no ano que vem caso termine 2020 com renda acima do limite de isen\u00e7\u00e3o&#8230;<\/p>\n","protected":false},"author":1182,"featured_media":4097,"comment_status":"closed","ping_status":"closed","sticky":false,"template":"","format":"standard","meta":{"footnotes":""},"categories":[6],"tags":[1757,2377,390,991,432,696],"class_list":["post-29482","post","type-post","status-publish","format-standard","has-post-thumbnail","hentry","category-noticias","tag-auxilio","tag-beneficio","tag-caixa","tag-devolucao","tag-emergencial","tag-saque"],"_links":{"self":[{"href":"https:\/\/www.sincomam.org.br\/index.php\/wp-json\/wp\/v2\/posts\/29482","targetHints":{"allow":["GET"]}}],"collection":[{"href":"https:\/\/www.sincomam.org.br\/index.php\/wp-json\/wp\/v2\/posts"}],"about":[{"href":"https:\/\/www.sincomam.org.br\/index.php\/wp-json\/wp\/v2\/types\/post"}],"author":[{"embeddable":true,"href":"https:\/\/www.sincomam.org.br\/index.php\/wp-json\/wp\/v2\/users\/1182"}],"replies":[{"embeddable":true,"href":"https:\/\/www.sincomam.org.br\/index.php\/wp-json\/wp\/v2\/comments?post=29482"}],"version-history":[{"count":3,"href":"https:\/\/www.sincomam.org.br\/index.php\/wp-json\/wp\/v2\/posts\/29482\/revisions"}],"predecessor-version":[{"id":29485,"href":"https:\/\/www.sincomam.org.br\/index.php\/wp-json\/wp\/v2\/posts\/29482\/revisions\/29485"}],"wp:featuredmedia":[{"embeddable":true,"href":"https:\/\/www.sincomam.org.br\/index.php\/wp-json\/wp\/v2\/media\/4097"}],"wp:attachment":[{"href":"https:\/\/www.sincomam.org.br\/index.php\/wp-json\/wp\/v2\/media?parent=29482"}],"wp:term":[{"taxonomy":"category","embeddable":true,"href":"https:\/\/www.sincomam.org.br\/index.php\/wp-json\/wp\/v2\/categories?post=29482"},{"taxonomy":"post_tag","embeddable":true,"href":"https:\/\/www.sincomam.org.br\/index.php\/wp-json\/wp\/v2\/tags?post=29482"}],"curies":[{"name":"wp","href":"https:\/\/api.w.org\/{rel}","templated":true}]}}