{"id":29426,"date":"2020-05-26T12:09:29","date_gmt":"2020-05-26T15:09:29","guid":{"rendered":"http:\/\/www.sincomam.org.br\/?p=29426"},"modified":"2020-05-26T12:09:29","modified_gmt":"2020-05-26T15:09:29","slug":"arsenal-de-marinha-do-rio-de-janeiro-passa-por-descontaminacao-preventiva","status":"publish","type":"post","link":"https:\/\/www.sincomam.org.br\/index.php\/arsenal-de-marinha-do-rio-de-janeiro-passa-por-descontaminacao-preventiva\/","title":{"rendered":"Arsenal de Marinha do Rio de Janeiro passa por descontamina\u00e7\u00e3o preventiva"},"content":{"rendered":"<p><strong><em>Militares durante a\u00e7\u00e3o de descontamina\u00e7\u00e3o preventiva do hospital do Rio<\/em><\/strong><\/p>\n<p>A Marinha do Brasil informa que, no dia 13 de maio, 30 militares do Batalh\u00e3o de Engenharia de Fuzileiros Navais realizaram a descontamina\u00e7\u00e3o preventiva das \u00e1reas de maior circula\u00e7\u00e3o e concentra\u00e7\u00e3o de pessoal do Arsenal de Marinha (AMRJ), como sala de\u00a0estado,\u00a0rancho\u00a0geral,\u00a0hospital, alojamentos,\u00a0oficinas,\u00a0departamentos e a Liga de\u00a0esportes.<\/p>\n<p>A a\u00e7\u00e3o, que\u00a0visa ao enfrentamento e combate \u00e0 prolifera\u00e7\u00e3o da Covid-19, integra uma s\u00e9rie de medidas que o AMRJ vem implementando, a fim de assegurar a preserva\u00e7\u00e3o da sa\u00fade e o bem-estar da sua\u00a0tripula\u00e7\u00e3o, como a distribui\u00e7\u00e3o de m\u00e1scaras de tecido e de \u00e1lcool em gel; campanhas informativas e divulga\u00e7\u00e3o das dicas do Sa\u00fade Naval e m\u00eddias sociais da\u00a0Marinha\u00a0em Plano do Dia e grupos de\u00a0WhatsApp; e acompanhamento do estado de sa\u00fade de militares e servidores civis.<\/p>\n<p>O Arsenal de Marinha prossegue\u00a0no combate\u00a0ao novo coronav\u00edrus, com a cess\u00e3o de materiais para a\u00a0implanta\u00e7\u00e3o do Hospital de Conting\u00eancia no Centro de Educa\u00e7\u00e3o F\u00edsica Almirante Adalberto Nunes, e o apoio, em parceria com o Centro de Manuten\u00e7\u00e3o de Sistemas, ao Centro Tecnol\u00f3gico do Corpo de Fuzileiros Navais, na confec\u00e7\u00e3o de suportes para m\u00e1scaras faciais (face shield), com a utiliza\u00e7\u00e3o de impressoras 3D.<\/p>\n<p>Com o prop\u00f3sito de capacitar equipes de bordo em a\u00e7\u00f5es de descontamina\u00e7\u00e3o de ambientes, material e pessoal, o AMRJ promoveu\u00a0tamb\u00e9m, no dia 18\u00a0de maio,\u00a0um\u00a0adestramento ministrado pelo Centro de Instru\u00e7\u00e3o Almirante Sylvio de Camargo, cujos principais aspectos abordados foram o sistema de\u00a0descontamina\u00e7\u00e3o\u00a0e os procedimentos de\u00a0limpeza e desinfec\u00e7\u00e3o\u00a0adotados pelo Centro de Defesa Nuclear, Biol\u00f3gica, Qu\u00edmica e Radiol\u00f3gica da Marinha, abrangendo metodologia, materiais e subst\u00e2ncias empregadas na descontamina\u00e7\u00e3o de pessoal, material e viaturas; descontamina\u00e7\u00e3o dos equipamentos de prote\u00e7\u00e3o individual; e desinfec\u00e7\u00e3o de ambul\u00e2ncias.<\/p>\n<p><em>Com informa\u00e7\u00f5es da Marinha do Brasil<\/em><\/p>\n","protected":false},"excerpt":{"rendered":"<p>Militares durante a\u00e7\u00e3o de descontamina\u00e7\u00e3o preventiva do hospital do Rio A Marinha do Brasil informa que, no dia 13 de maio, 30 militares do Batalh\u00e3o&#8230;<\/p>\n","protected":false},"author":1182,"featured_media":29427,"comment_status":"closed","ping_status":"closed","sticky":false,"template":"","format":"standard","meta":{"footnotes":""},"categories":[6],"tags":[1550,2751,2922,1013,2931,59],"class_list":["post-29426","post","type-post","status-publish","format-standard","has-post-thumbnail","hentry","category-noticias","tag-arsenal","tag-covid-19","tag-descontaminacao","tag-marinha-do-brasil","tag-prevencao","tag-rio-de-janeiro"],"_links":{"self":[{"href":"https:\/\/www.sincomam.org.br\/index.php\/wp-json\/wp\/v2\/posts\/29426","targetHints":{"allow":["GET"]}}],"collection":[{"href":"https:\/\/www.sincomam.org.br\/index.php\/wp-json\/wp\/v2\/posts"}],"about":[{"href":"https:\/\/www.sincomam.org.br\/index.php\/wp-json\/wp\/v2\/types\/post"}],"author":[{"embeddable":true,"href":"https:\/\/www.sincomam.org.br\/index.php\/wp-json\/wp\/v2\/users\/1182"}],"replies":[{"embeddable":true,"href":"https:\/\/www.sincomam.org.br\/index.php\/wp-json\/wp\/v2\/comments?post=29426"}],"version-history":[{"count":1,"href":"https:\/\/www.sincomam.org.br\/index.php\/wp-json\/wp\/v2\/posts\/29426\/revisions"}],"predecessor-version":[{"id":29428,"href":"https:\/\/www.sincomam.org.br\/index.php\/wp-json\/wp\/v2\/posts\/29426\/revisions\/29428"}],"wp:featuredmedia":[{"embeddable":true,"href":"https:\/\/www.sincomam.org.br\/index.php\/wp-json\/wp\/v2\/media\/29427"}],"wp:attachment":[{"href":"https:\/\/www.sincomam.org.br\/index.php\/wp-json\/wp\/v2\/media?parent=29426"}],"wp:term":[{"taxonomy":"category","embeddable":true,"href":"https:\/\/www.sincomam.org.br\/index.php\/wp-json\/wp\/v2\/categories?post=29426"},{"taxonomy":"post_tag","embeddable":true,"href":"https:\/\/www.sincomam.org.br\/index.php\/wp-json\/wp\/v2\/tags?post=29426"}],"curies":[{"name":"wp","href":"https:\/\/api.w.org\/{rel}","templated":true}]}}