{"id":29407,"date":"2020-05-26T10:18:29","date_gmt":"2020-05-26T13:18:29","guid":{"rendered":"http:\/\/www.sincomam.org.br\/?p=29407"},"modified":"2020-05-26T10:18:29","modified_gmt":"2020-05-26T13:18:29","slug":"com-coronavirus-abril-bate-recorde-de-medidas-provisorias-em-20-anos","status":"publish","type":"post","link":"https:\/\/www.sincomam.org.br\/index.php\/com-coronavirus-abril-bate-recorde-de-medidas-provisorias-em-20-anos\/","title":{"rendered":"Com coronav\u00edrus, abril bate recorde de medidas provis\u00f3rias em 20 anos"},"content":{"rendered":"<p><strong><em>M\u00eas atingiu o recorde desde 2001, quando as regras para edi\u00e7\u00e3o e tramita\u00e7\u00e3o de MPs entrou em vigor<\/em><\/strong><\/p>\n<p>O m\u00eas de abril encerrou com 26 medidas provis\u00f3rias publicadas pelo governo federal. \u00c9 o n\u00famero mais alto para um \u00fanico m\u00eas desde 2001, quando as atuais regras para edi\u00e7\u00e3o e tramita\u00e7\u00e3o de MPs entraram em vigor. Todos os textos, com exce\u00e7\u00e3o de um, se referem \u00e0 pandemia da covid-19, assunto que tem dominado as atividades pol\u00edticas do pa\u00eds neste in\u00edcio de ano. As informa\u00e7\u00f5es deste conte\u00fado s\u00e3o da Ag\u00eancia Senado.<\/p>\n<p>As medidas provis\u00f3rias ligadas apenas \u00e0 pandemia j\u00e1 somam 35 desde mar\u00e7o, n\u00famero que representa quase 75% de todo o volume de MPs produzido em todo o ano de 2019 e que iguala ou supera toda a produ\u00e7\u00e3o de MPs em tr\u00eas dos \u00faltimos 11 anos. Ao todo, s\u00e3o agora 42 MPs somente nos quatro primeiros meses de 2020. A m\u00e9dia registrada desde 2001 para cada ano inteiro fica entre 49 e 50.<\/p>\n<p>Desde 13 de mar\u00e7o, quando saiu a primeira medida provis\u00f3ria destinada ao combate \u00e0 covid-19 \u2014 a MP 924, que autorizou R$ 5 bilh\u00f5es em cr\u00e9ditos extraordin\u00e1rios para os minist\u00e9rios da Sa\u00fade e da Educa\u00e7\u00e3o \u2014 o Pal\u00e1cio do Planalto emitiu uma m\u00e9dia de mais de uma MP por dia \u00fatil \u2014 36 em 32 dias. Tradicionalmente, o Poder Executivo assina apenas uma por semana.<\/p>\n<p><strong>Cr\u00e9ditos<\/strong><\/p>\n<p>Das 35 pe\u00e7as voltadas \u00e0 pandemia, 14 s\u00e3o aberturas de cr\u00e9ditos extraordin\u00e1rios. Elas totalizam, at\u00e9 agora, repasses de R$ 252,8 bilh\u00f5es para minist\u00e9rios, estados e munic\u00edpios, empresas e cidad\u00e3os. Para agilizar a an\u00e1lise das demais MPs, cujo conte\u00fado precisa ser debatido e modificado pelos parlamentares, o presidente do Senado, Davi Alcolumbre, decidiu que as medidas de cr\u00e9dito n\u00e3o ser\u00e3o votadas.<\/p>\n<p>Al\u00e9m dos cr\u00e9ditos extraordin\u00e1rios, as MPs relacionadas \u00e0 pandemia de coronav\u00edrus incluem a cria\u00e7\u00e3o de programas para manuten\u00e7\u00e3o de empregos durante a crise, por meio de linhas de cr\u00e9dito para empresas (MP 944) e compartilhamento de encargos trabalhistas (MP 936); medidas para os setores de energia (MP 950), turismo e cultura (MP 948), portos (MP 945) e telecomunica\u00e7\u00f5es (MP 952); a libera\u00e7\u00e3o de recursos do FGTS (MP 946); a recomposi\u00e7\u00e3o dos fundos de participa\u00e7\u00e3o dos estados e dos munic\u00edpios (MP 938); a simplifica\u00e7\u00e3o de compras p\u00fablicas (MP 951); e a facilita\u00e7\u00e3o de acesso ao cr\u00e9dito (MP 958).<\/p>\n<p><strong>Refor\u00e7os<\/strong><\/p>\n<p>Tamb\u00e9m foram criados neste per\u00edodo de pandemia, o aux\u00edlio emergencial de R$ 600 para desempregados e trabalhadores informais (Lei 13.982, de 2020), a PEC do Or\u00e7amento de Guerra para a pandemia (PEC 10\/2020) e o \u201cPlano Mansueto\u201d de aux\u00edlio financeiro aos estados e munic\u00edpios (PLP 149\/2019) como iniciativas importantes para a pandemia que contaram com a proatividade do Legislativo.<\/p>\n<p>Para agilizar a passagem das medidas provis\u00f3rias pelo Senado, Davi Alcolumbre criou um procedimento para vincular projetos de lei de assuntos semelhantes a cada MP que chegar. Dessa forma, as MPs tomam a frente na pauta da Casa e os projetos j\u00e1 em andamento poder\u00e3o servir para aprimor\u00e1-las, com dispositivos sendo incorporados diretamente ao texto.<\/p>\n<p>Foto: Jefferson Rudy\/Ag\u00eancia Senado &#8211; <em>46\u00aa Sess\u00e3o Deliberativa \u2013 25\u00aa Sess\u00e3o Deliberativa Remota (SDR) do Senado Federal realizada a partir da sala de controle da Secretaria de Tecnologia da Informa\u00e7\u00e3o (Prodasen)<\/em><\/p>\n","protected":false},"excerpt":{"rendered":"<p>M\u00eas atingiu o recorde desde 2001, quando as regras para edi\u00e7\u00e3o e tramita\u00e7\u00e3o de MPs entrou em vigor O m\u00eas de abril encerrou com 26&#8230;<\/p>\n","protected":false},"author":1182,"featured_media":29408,"comment_status":"closed","ping_status":"closed","sticky":false,"template":"","format":"standard","meta":{"footnotes":""},"categories":[6],"tags":[2752,3057,516,2776,924,974],"class_list":["post-29407","post","type-post","status-publish","format-standard","has-post-thumbnail","hentry","category-noticias","tag-coronavirus","tag-creditos","tag-medida","tag-provisoria","tag-senado","tag-votacao"],"_links":{"self":[{"href":"https:\/\/www.sincomam.org.br\/index.php\/wp-json\/wp\/v2\/posts\/29407","targetHints":{"allow":["GET"]}}],"collection":[{"href":"https:\/\/www.sincomam.org.br\/index.php\/wp-json\/wp\/v2\/posts"}],"about":[{"href":"https:\/\/www.sincomam.org.br\/index.php\/wp-json\/wp\/v2\/types\/post"}],"author":[{"embeddable":true,"href":"https:\/\/www.sincomam.org.br\/index.php\/wp-json\/wp\/v2\/users\/1182"}],"replies":[{"embeddable":true,"href":"https:\/\/www.sincomam.org.br\/index.php\/wp-json\/wp\/v2\/comments?post=29407"}],"version-history":[{"count":1,"href":"https:\/\/www.sincomam.org.br\/index.php\/wp-json\/wp\/v2\/posts\/29407\/revisions"}],"predecessor-version":[{"id":29409,"href":"https:\/\/www.sincomam.org.br\/index.php\/wp-json\/wp\/v2\/posts\/29407\/revisions\/29409"}],"wp:featuredmedia":[{"embeddable":true,"href":"https:\/\/www.sincomam.org.br\/index.php\/wp-json\/wp\/v2\/media\/29408"}],"wp:attachment":[{"href":"https:\/\/www.sincomam.org.br\/index.php\/wp-json\/wp\/v2\/media?parent=29407"}],"wp:term":[{"taxonomy":"category","embeddable":true,"href":"https:\/\/www.sincomam.org.br\/index.php\/wp-json\/wp\/v2\/categories?post=29407"},{"taxonomy":"post_tag","embeddable":true,"href":"https:\/\/www.sincomam.org.br\/index.php\/wp-json\/wp\/v2\/tags?post=29407"}],"curies":[{"name":"wp","href":"https:\/\/api.w.org\/{rel}","templated":true}]}}