{"id":29396,"date":"2020-05-25T12:54:17","date_gmt":"2020-05-25T15:54:17","guid":{"rendered":"http:\/\/www.sincomam.org.br\/?p=29396"},"modified":"2020-05-25T13:20:32","modified_gmt":"2020-05-25T16:20:32","slug":"marinha-mercante-de-sao-tome-e-principe-tem-novos-oficiais-apos-27-anos","status":"publish","type":"post","link":"https:\/\/www.sincomam.org.br\/index.php\/marinha-mercante-de-sao-tome-e-principe-tem-novos-oficiais-apos-27-anos\/","title":{"rendered":"Marinha Mercante de S\u00e3o Tom\u00e9 e Pr\u00edncipe tem novos oficiais, ap\u00f3s 27 anos"},"content":{"rendered":"<p><em><strong>Alunos da Turma 17 retornaram ao pa\u00eds natal para finalizar a gradua\u00e7\u00e3o<\/strong><\/em><\/p>\n<p>A Marinha informa que ocorreu, nas depend\u00eancias da Embaixada do Brasil em S\u00e3o Tom\u00e9 e Principe, a Cerim\u00f4nia de Recep\u00e7\u00e3o e Apresenta\u00e7\u00e3o, para os Organismos e Institui\u00e7\u00f5es integrantes do Poder Mar\u00edtimo da Rep\u00fablica Democr\u00e1tica de S\u00e3o Tom\u00e9 e Pr\u00edncipe, dos primeiros oficiais formados na Escola de Forma\u00e7\u00e3o de Oficiais da Marinha Mercante (EFOMM). O evento foi organizado pelo N\u00facleo da Miss\u00e3o Naval da Marinha do Brasil, pela Embaixada do Brasil e em parceria com o Instituto Mar\u00edtimo e Portu\u00e1rio (IMAP).<\/p>\n<p>\u00c9 a primeira vez, desde 1993, que S\u00e3o Tom\u00e9 e Pr\u00edncipe recebe oficiais que conclu\u00edram o Curso de Ci\u00eancias N\u00e1uticas, representando assim um novo marco para a Marinha Mercante Santomense. A turma que os antecedeu formou-se, h\u00e1 24 anos, na Ex-Uni\u00e3o Sovi\u00e9tica e na Rep\u00fablica de Cuba.<\/p>\n<p>Para que os oficiais recebam os diplomas e exer\u00e7am as suas fun\u00e7\u00f5es, \u00e9 necess\u00e1ria a realiza\u00e7\u00e3o do Est\u00e1gio pr\u00e1tico embarcado (PREST). Por esse motivo, o N\u00facleo da Miss\u00e3o Naval promoveu a cerim\u00f4nia para apresentar, aos \u00f3rg\u00e3os e entidades ligadas ao Poder Mar\u00edtimo de S\u00e3o Tom\u00e9 e Pr\u00edncipe, como se desenvolveu e \u00e9 gerenciado o Ensino Profissional Mar\u00edtimo Brasileiro, bem como a sua relev\u00e2ncia no desenvolvimento do Poder Mar\u00edtimo de uma na\u00e7\u00e3o, al\u00e9m de buscar parcerias junto a Guarda Costeira, a Marinha Portuguesa e demais pa\u00edses amigos e parceiros de S\u00e3o Tom\u00e9 para viabilizar a realiza\u00e7\u00e3o do PREST.<\/p>\n<p>A solenidade contou com a participa\u00e7\u00e3o do Embaixador do Brasil, Vilmar Rogeiro Coutinho J\u00fanior; de ministros de S\u00e3o Tom\u00e9 e Pr\u00edncipe e demais embaixadores da Comunidade dos Pa\u00edses de L\u00edngua Portuguesa acreditados no pa\u00eds; do Chefe do Estado-Maior das For\u00e7as Armadas de S\u00e3o Tom\u00e9 e Pr\u00edncipe; e autoridades civis e militares. O evento tamb\u00e9m foi presidido pelo Ministro das Obras P\u00fablicas, Infraestruturas, Recursos Naturais e Ambiente, Osvaldo Abreu, que, em seu discurso, salientou o compromisso dos futuros oficiais para com a Organiza\u00e7\u00e3o Mar\u00edtima Internacional (IMO).<\/p>\n<p>Fonte: Marinha do Brasil \u2013 Foto: divulga\u00e7\u00e3o MD\/Oficiais da Marinha Mercante formados<\/p>\n","protected":false},"excerpt":{"rendered":"<p>Alunos da Turma 17 retornaram ao pa\u00eds natal para finalizar a gradua\u00e7\u00e3o A Marinha informa que ocorreu, nas depend\u00eancias da Embaixada do Brasil em S\u00e3o&#8230;<\/p>\n","protected":false},"author":1182,"featured_media":29406,"comment_status":"closed","ping_status":"closed","sticky":false,"template":"","format":"standard","meta":{"footnotes":""},"categories":[6],"tags":[61,1580,3056,15,567,568,3055,3054],"class_list":["post-29396","post","type-post","status-publish","format-standard","has-post-thumbnail","hentry","category-noticias","tag-brasil","tag-efomm","tag-formados","tag-marinha","tag-mercante","tag-oficiais","tag-principe","tag-sao-tome"],"_links":{"self":[{"href":"https:\/\/www.sincomam.org.br\/index.php\/wp-json\/wp\/v2\/posts\/29396","targetHints":{"allow":["GET"]}}],"collection":[{"href":"https:\/\/www.sincomam.org.br\/index.php\/wp-json\/wp\/v2\/posts"}],"about":[{"href":"https:\/\/www.sincomam.org.br\/index.php\/wp-json\/wp\/v2\/types\/post"}],"author":[{"embeddable":true,"href":"https:\/\/www.sincomam.org.br\/index.php\/wp-json\/wp\/v2\/users\/1182"}],"replies":[{"embeddable":true,"href":"https:\/\/www.sincomam.org.br\/index.php\/wp-json\/wp\/v2\/comments?post=29396"}],"version-history":[{"count":5,"href":"https:\/\/www.sincomam.org.br\/index.php\/wp-json\/wp\/v2\/posts\/29396\/revisions"}],"predecessor-version":[{"id":29405,"href":"https:\/\/www.sincomam.org.br\/index.php\/wp-json\/wp\/v2\/posts\/29396\/revisions\/29405"}],"wp:featuredmedia":[{"embeddable":true,"href":"https:\/\/www.sincomam.org.br\/index.php\/wp-json\/wp\/v2\/media\/29406"}],"wp:attachment":[{"href":"https:\/\/www.sincomam.org.br\/index.php\/wp-json\/wp\/v2\/media?parent=29396"}],"wp:term":[{"taxonomy":"category","embeddable":true,"href":"https:\/\/www.sincomam.org.br\/index.php\/wp-json\/wp\/v2\/categories?post=29396"},{"taxonomy":"post_tag","embeddable":true,"href":"https:\/\/www.sincomam.org.br\/index.php\/wp-json\/wp\/v2\/tags?post=29396"}],"curies":[{"name":"wp","href":"https:\/\/api.w.org\/{rel}","templated":true}]}}