{"id":29390,"date":"2020-05-25T12:30:10","date_gmt":"2020-05-25T15:30:10","guid":{"rendered":"http:\/\/www.sincomam.org.br\/?p=29390"},"modified":"2020-05-25T12:30:10","modified_gmt":"2020-05-25T15:30:10","slug":"forcas-armadas-militares-conscientizam-populacao-ribeirinha-e-inspecionam-embarcacoes-na-amazonia","status":"publish","type":"post","link":"https:\/\/www.sincomam.org.br\/index.php\/forcas-armadas-militares-conscientizam-populacao-ribeirinha-e-inspecionam-embarcacoes-na-amazonia\/","title":{"rendered":"For\u00e7as Armadas: Militares conscientizam popula\u00e7\u00e3o ribeirinha e inspecionam embarca\u00e7\u00f5es na Amaz\u00f4nia"},"content":{"rendered":"<p><strong><em>A\u00e7\u00f5es fazem parte da Opera\u00e7\u00e3o Verde Brasil 2, com objetivo de prevenir delitos ambientais<\/em><\/strong><\/p>\n<p>Para atuar contra delitos ambientais na Amaz\u00f4nia Legal, a capilaridade das For\u00e7as Armadas \u00e9 recurso fundamental na Opera\u00e7\u00e3o Verde Brasil 2. Uma das caracter\u00edsticas intr\u00ednsecas do ambiente amaz\u00f4nico \u00e9 a utiliza\u00e7\u00e3o, em larga escala, de sua malha fluvial para o deslocamento de pessoas e mercadorias. Nesses rios, embarca\u00e7\u00f5es da Marinha atuam para prevenir e reprimir crimes ligados ao desmatamento ilegal das Florestas Nacionais.<\/p>\n<p>No Par\u00e1, a Capitania Fluvial de Santar\u00e9m realizou, nesse s\u00e1bado (23), a\u00e7\u00f5es de conscientiza\u00e7\u00e3o ambiental para navegantes e popula\u00e7\u00e3o ribeirinha do interior do Par\u00e1, al\u00e9m de inspe\u00e7\u00e3o naval. A atividade de conscientiza\u00e7\u00e3o ocorreu no Pont\u00e3o Almirante Felipe Sousa, em Santar\u00e9m, na \u00e1rea de atua\u00e7\u00e3o do Comando Conjunto Marechal Soares de Andrea, nas \u00e1guas de jurisdi\u00e7\u00e3o do Comando do 4\u00ba Distrito Naval.<\/p>\n<p><strong>Em terra<\/strong><\/p>\n<p>O Comando Conjunto Pr\u00edncipe da Beira, que atua nos estados do Acre, Amazonas e Rond\u00f4nia, divulgou balan\u00e7o de a\u00e7\u00f5es realizadas na regi\u00e3o rondoniense de Candeias do Jamari. At\u00e9 o momento, 825,84 hectares de \u00e1rea est\u00e3o embargados, enquanto o total de madeira apreendida chega a mais de 2,2 mil metros c\u00fabicos, valor superior a R$ 1,1 milh\u00e3o.<\/p>\n<p>Na \u00e1rea da Amaz\u00f4nia Legal no Estado de Mato Grosso, as atividades s\u00e3o coordenadas pelo Comando Conjunto Bar\u00e3o de Melga\u00e7o, dentre elas, Postos de Bloqueio de Controle de Estradas, patrulhamentos e vistoria de ve\u00edculos e embarca\u00e7\u00f5es.<\/p>\n<p><strong>Opera\u00e7\u00e3o Verde Brasil 2<\/strong><\/p>\n<p>A Opera\u00e7\u00e3o Verde Brasil 2 \u00e9 coordenada pela Vice-Presid\u00eancia da Rep\u00fablica, em apoio aos \u00f3rg\u00e3os de controle ambiental e de seguran\u00e7a p\u00fablica. A miss\u00e3o deflagrada pelo Governo Federal, em 11 de maio de 2020, visa a\u00e7\u00f5es preventivas e repressivas contra delitos ambientais na Amaz\u00f4nia Legal. A determina\u00e7\u00e3o presidencial para emprego das For\u00e7as Armadas em Garantia da Lei e da Ordem (GLO) foi publicada no Di\u00e1rio Oficial da Uni\u00e3o por meio do Decreto n\u00b0 10.341, de 6 de maio de 2020, e tem validade para o per\u00edodo de 11 de maio a 10 de junho do corrente ano.<\/p>\n<p>Para cumprir a determina\u00e7\u00e3o presidencial, o Minist\u00e9rio da Defesa ativou tr\u00eas Comandos Conjuntos. S\u00e3o eles: Comando Conjunto Pr\u00edncipe da Beira (CCj PB), em Porto Velho (RO); Comando Conjunto Bar\u00e3o de Melga\u00e7o (CCj BM), em Cuiab\u00e1 (MT); e Comando Conjunto Marechal Soares de Andrea (CCj MSA), em Bel\u00e9m (PA). Assim como na Opera\u00e7\u00e3o Verde Brasil ocorrida em 2019, o Centro de Opera\u00e7\u00f5es Conjuntas do Minist\u00e9rio da Defesa coordena as atividades a partir de Bras\u00edlia (DF). Ainda participam da miss\u00e3o integrantes da Pol\u00edcia Federal, Policia Rodovi\u00e1ria Federal, Instituto Brasileiro do Meio Ambiente e dos Recursos Naturais Renov\u00e1veis (IBAMA), Instituto Chico Mendes de Conserva\u00e7\u00e3o da Biodiversidade (ICMbio), For\u00e7a Nacional de Seguran\u00e7a P\u00fablica, Ag\u00eancia Brasileira de Intelig\u00eancia (ABIN) e Centro Gestor e Operacional do Sistema de Prote\u00e7\u00e3o da Amaz\u00f4nia (Censipam).<\/p>\n<p>Fonte: Minist\u00e9rio da Defesa \/ Foto: divulga\u00e7\u00e3o das For\u00e7as Armadas<\/p>\n","protected":false},"excerpt":{"rendered":"<p>A\u00e7\u00f5es fazem parte da Opera\u00e7\u00e3o Verde Brasil 2, com objetivo de prevenir delitos ambientais Para atuar contra delitos ambientais na Amaz\u00f4nia Legal, a capilaridade das&#8230;<\/p>\n","protected":false},"author":1182,"featured_media":29391,"comment_status":"closed","ping_status":"closed","sticky":false,"template":"","format":"standard","meta":{"footnotes":""},"categories":[6],"tags":[590,3051,2942,352,190,894,692,1375,2931,273],"class_list":["post-29390","post","type-post","status-publish","format-standard","has-post-thumbnail","hentry","category-noticias","tag-acoes","tag-aguas","tag-amazonia","tag-embarcacao","tag-fluvial","tag-forcas-armadas","tag-militares","tag-populacao","tag-prevencao","tag-vistoria"],"_links":{"self":[{"href":"https:\/\/www.sincomam.org.br\/index.php\/wp-json\/wp\/v2\/posts\/29390","targetHints":{"allow":["GET"]}}],"collection":[{"href":"https:\/\/www.sincomam.org.br\/index.php\/wp-json\/wp\/v2\/posts"}],"about":[{"href":"https:\/\/www.sincomam.org.br\/index.php\/wp-json\/wp\/v2\/types\/post"}],"author":[{"embeddable":true,"href":"https:\/\/www.sincomam.org.br\/index.php\/wp-json\/wp\/v2\/users\/1182"}],"replies":[{"embeddable":true,"href":"https:\/\/www.sincomam.org.br\/index.php\/wp-json\/wp\/v2\/comments?post=29390"}],"version-history":[{"count":1,"href":"https:\/\/www.sincomam.org.br\/index.php\/wp-json\/wp\/v2\/posts\/29390\/revisions"}],"predecessor-version":[{"id":29392,"href":"https:\/\/www.sincomam.org.br\/index.php\/wp-json\/wp\/v2\/posts\/29390\/revisions\/29392"}],"wp:featuredmedia":[{"embeddable":true,"href":"https:\/\/www.sincomam.org.br\/index.php\/wp-json\/wp\/v2\/media\/29391"}],"wp:attachment":[{"href":"https:\/\/www.sincomam.org.br\/index.php\/wp-json\/wp\/v2\/media?parent=29390"}],"wp:term":[{"taxonomy":"category","embeddable":true,"href":"https:\/\/www.sincomam.org.br\/index.php\/wp-json\/wp\/v2\/categories?post=29390"},{"taxonomy":"post_tag","embeddable":true,"href":"https:\/\/www.sincomam.org.br\/index.php\/wp-json\/wp\/v2\/tags?post=29390"}],"curies":[{"name":"wp","href":"https:\/\/api.w.org\/{rel}","templated":true}]}}