{"id":29385,"date":"2020-05-25T11:25:17","date_gmt":"2020-05-25T14:25:17","guid":{"rendered":"http:\/\/www.sincomam.org.br\/?p=29385"},"modified":"2020-05-25T11:25:17","modified_gmt":"2020-05-25T14:25:17","slug":"petrobras-anuncia-transferencia-de-937-trabalhadores-da-bacia-de-santos-para-o-rio-de-janeiro","status":"publish","type":"post","link":"https:\/\/www.sincomam.org.br\/index.php\/petrobras-anuncia-transferencia-de-937-trabalhadores-da-bacia-de-santos-para-o-rio-de-janeiro\/","title":{"rendered":"Petrobras anuncia transfer\u00eancia de 937 trabalhadores da Bacia de Santos para o Rio de Janeiro"},"content":{"rendered":"<p><strong><em>Estatal confirmou que a partir de junho inicia a mudan\u00e7a de empregados que atuam em plataformas do litoral paulista<\/em><\/strong><\/p>\n<p>A Petrobras informou que, a partir do pr\u00f3ximo dia 1\u00ba de junho, ser\u00e3o transferidos 937 trabalhadores empregados em regime especial que atuam em sete plataformas de explora\u00e7\u00e3o e produ\u00e7\u00e3o de petr\u00f3leo e g\u00e1s natural ligadas \u00e0 Unidade de Neg\u00f3cios da Bacia de Santos (SP) para o Rio de Janeiro.<\/p>\n<p>Segundo a Petrobras, a decis\u00e3o de mudar os colaboradores para o Rio de Janeiro ser\u00e1 para reduzir os custos da companhia. A medida deve impactar cerca de 20% desses empregados que vivem na Baixada Santista. Desde abril de 2018, os voos deixaram de partir do Aeroporto de Itanha\u00e9m (SP) e foram transferidos para o de Jacarepagu\u00e1 (RJ).<\/p>\n<p><strong>Nota da Petrobras<\/strong><\/p>\n<p>A Ger\u00eancia de Imprensa da Comunica\u00e7\u00e3o Institucional da Petrobras confirmou, em nota, que a partir do pr\u00f3ximo dia 1\u00ba far\u00e1 um ajuste administrativo na lota\u00e7\u00e3o dos empregados que atuam nas plataformas da Unidade de Neg\u00f3cios da Bacia de Santos. \u201cDesse grupo, cerca de 80% n\u00e3o moram na Baixada Santista. Com o ajuste, a Petrobras n\u00e3o arcar\u00e1 mais com os custos de deslocamento (at\u00e9 Jacarepagu\u00e1) \u201d.<\/p>\n","protected":false},"excerpt":{"rendered":"<p>Estatal confirmou que a partir de junho inicia a mudan\u00e7a de empregados que atuam em plataformas do litoral paulista A Petrobras informou que, a partir&#8230;<\/p>\n","protected":false},"author":1182,"featured_media":29205,"comment_status":"closed","ping_status":"closed","sticky":false,"template":"","format":"standard","meta":{"footnotes":""},"categories":[6],"tags":[909,58,1626,59,3049],"class_list":["post-29385","post","type-post","status-publish","format-standard","has-post-thumbnail","hentry","category-noticias","tag-bacia-de-santos","tag-petrobras","tag-petroleiro","tag-rio-de-janeiro","tag-transferencia"],"_links":{"self":[{"href":"https:\/\/www.sincomam.org.br\/index.php\/wp-json\/wp\/v2\/posts\/29385","targetHints":{"allow":["GET"]}}],"collection":[{"href":"https:\/\/www.sincomam.org.br\/index.php\/wp-json\/wp\/v2\/posts"}],"about":[{"href":"https:\/\/www.sincomam.org.br\/index.php\/wp-json\/wp\/v2\/types\/post"}],"author":[{"embeddable":true,"href":"https:\/\/www.sincomam.org.br\/index.php\/wp-json\/wp\/v2\/users\/1182"}],"replies":[{"embeddable":true,"href":"https:\/\/www.sincomam.org.br\/index.php\/wp-json\/wp\/v2\/comments?post=29385"}],"version-history":[{"count":1,"href":"https:\/\/www.sincomam.org.br\/index.php\/wp-json\/wp\/v2\/posts\/29385\/revisions"}],"predecessor-version":[{"id":29386,"href":"https:\/\/www.sincomam.org.br\/index.php\/wp-json\/wp\/v2\/posts\/29385\/revisions\/29386"}],"wp:featuredmedia":[{"embeddable":true,"href":"https:\/\/www.sincomam.org.br\/index.php\/wp-json\/wp\/v2\/media\/29205"}],"wp:attachment":[{"href":"https:\/\/www.sincomam.org.br\/index.php\/wp-json\/wp\/v2\/media?parent=29385"}],"wp:term":[{"taxonomy":"category","embeddable":true,"href":"https:\/\/www.sincomam.org.br\/index.php\/wp-json\/wp\/v2\/categories?post=29385"},{"taxonomy":"post_tag","embeddable":true,"href":"https:\/\/www.sincomam.org.br\/index.php\/wp-json\/wp\/v2\/tags?post=29385"}],"curies":[{"name":"wp","href":"https:\/\/api.w.org\/{rel}","templated":true}]}}