{"id":29371,"date":"2020-05-22T11:57:19","date_gmt":"2020-05-22T14:57:19","guid":{"rendered":"http:\/\/www.sincomam.org.br\/?p=29371"},"modified":"2020-05-22T11:57:19","modified_gmt":"2020-05-22T14:57:19","slug":"regulamentada-a-indenizacao-dos-trabalhadores-portuarios-avulsos-afastados-pelo-coronavirus","status":"publish","type":"post","link":"https:\/\/www.sincomam.org.br\/index.php\/regulamentada-a-indenizacao-dos-trabalhadores-portuarios-avulsos-afastados-pelo-coronavirus\/","title":{"rendered":"Regulamentada a indeniza\u00e7\u00e3o dos trabalhadores portu\u00e1rios avulsos afastados pelo coronav\u00edrus"},"content":{"rendered":"<p><strong><em>Portaria prev\u00ea pagamento de renda m\u00ednima a profissionais distanciados das fun\u00e7\u00f5es em raz\u00e3o da pandemia nos portos<\/em><\/strong><\/p>\n<p>O Minist\u00e9rio da Infraestrutura anunciou nesta semana, a regulamenta\u00e7\u00e3o do pagamento da renda m\u00ednima do trabalhador portu\u00e1rio avulso que ficar afastado em raz\u00e3o da pandemia do novo coronav\u00edrus. A portaria tamb\u00e9m prev\u00ea regras para os pedidos de reequil\u00edbrio de contrato que ser\u00e3o gerados em raz\u00e3o desse custo.<\/p>\n<p>O direito \u00e0 verba indenizat\u00f3ria aos profissionais foi previsto pela MP 945\/2020, editada pela Pasta no in\u00edcio de abril. Durante o per\u00edodo em que estiver impedido de atuar, o trabalhador portu\u00e1rio avulso receber\u00e1 uma verba mensal que corresponde a 50% da m\u00e9dia da remunera\u00e7\u00e3o bruta recebida entre 1\u00ba de outubro de 2019 e 31 de mar\u00e7o deste ano.<\/p>\n<p>Os operadores portu\u00e1rios ou tomadores de servi\u00e7o que requisitarem esses profissionais ao \u00d3rg\u00e3o Gestor de M\u00e3o de Obra (OGMO) v\u00e3o custear os valores. Caso esse pagamento cause impacto sobre os contratos de arrendamento j\u00e1 firmados, poder\u00e1 haver reequil\u00edbrio econ\u00f4mico-financeiro. O pedido dever\u00e1 ser feito diretamente \u00e0 administra\u00e7\u00e3o do porto. A Ag\u00eancia Nacional de Transportes Aquavi\u00e1rios (Antaq) ser\u00e1 respons\u00e1vel por arbitrar eventuais conflitos.<\/p>\n<p><strong>Reequil\u00edbrio <\/strong><\/p>\n<p>Segundo a portaria, o reequil\u00edbrio deve ser realizado pela autoridade portu\u00e1ria a partir do m\u00eas subsequente ao pagamento da indeniza\u00e7\u00e3o, e poder\u00e1 ser feito de maneira \u00fanica ou em at\u00e9 12 parcelas mensais e sucessivas. Os valores a serem pagos a partir do segundo m\u00eas subsequente ao pagamento da indeniza\u00e7\u00e3o ser\u00e3o corrigidos pelo \u00cdndice Nacional de Pre\u00e7os ao Consumidor Amplo (IPCA). N\u00e3o ter\u00e1 direito ao reequil\u00edbrio quem tiver usado do desconto tarif\u00e1rio previsto aos operadores portu\u00e1rios pr\u00e9-qualificados que n\u00e3o sejam arrendat\u00e1rios de instala\u00e7\u00e3o portu\u00e1ria.<\/p>\n<p><strong>Afastamentos <\/strong><\/p>\n<p>A portaria prev\u00ea, ainda, procedimentos sobre o afastamento de trabalhadores diagnosticados ou que apresentem sintomas da Covid-19, al\u00e9m de gestantes, lactantes e trabalhadores diagnosticados com imunodefici\u00eancia, doen\u00e7a respirat\u00f3ria ou doen\u00e7a preexistente cr\u00f4nica ou grave, como doen\u00e7a cardiovascular, respirat\u00f3ria ou metab\u00f3lica.<\/p>\n<p><em>Com informa\u00e7\u00f5es do Minist\u00e9rio da Infraestrutura<\/em><\/p>\n","protected":false},"excerpt":{"rendered":"<p>Portaria prev\u00ea pagamento de renda m\u00ednima a profissionais distanciados das fun\u00e7\u00f5es em raz\u00e3o da pandemia nos portos O Minist\u00e9rio da Infraestrutura anunciou nesta semana, a&#8230;<\/p>\n","protected":false},"author":1182,"featured_media":7050,"comment_status":"closed","ping_status":"closed","sticky":false,"template":"","format":"standard","meta":{"footnotes":""},"categories":[6],"tags":[1141,3043,136,378,303,270,1140],"class_list":["post-29371","post","type-post","status-publish","format-standard","has-post-thumbnail","hentry","category-noticias","tag-avulsos","tag-indenizacao","tag-infraestrutura","tag-ministerio","tag-portuarios","tag-regulamentacao","tag-trabalhadores"],"_links":{"self":[{"href":"https:\/\/www.sincomam.org.br\/index.php\/wp-json\/wp\/v2\/posts\/29371","targetHints":{"allow":["GET"]}}],"collection":[{"href":"https:\/\/www.sincomam.org.br\/index.php\/wp-json\/wp\/v2\/posts"}],"about":[{"href":"https:\/\/www.sincomam.org.br\/index.php\/wp-json\/wp\/v2\/types\/post"}],"author":[{"embeddable":true,"href":"https:\/\/www.sincomam.org.br\/index.php\/wp-json\/wp\/v2\/users\/1182"}],"replies":[{"embeddable":true,"href":"https:\/\/www.sincomam.org.br\/index.php\/wp-json\/wp\/v2\/comments?post=29371"}],"version-history":[{"count":1,"href":"https:\/\/www.sincomam.org.br\/index.php\/wp-json\/wp\/v2\/posts\/29371\/revisions"}],"predecessor-version":[{"id":29372,"href":"https:\/\/www.sincomam.org.br\/index.php\/wp-json\/wp\/v2\/posts\/29371\/revisions\/29372"}],"wp:featuredmedia":[{"embeddable":true,"href":"https:\/\/www.sincomam.org.br\/index.php\/wp-json\/wp\/v2\/media\/7050"}],"wp:attachment":[{"href":"https:\/\/www.sincomam.org.br\/index.php\/wp-json\/wp\/v2\/media?parent=29371"}],"wp:term":[{"taxonomy":"category","embeddable":true,"href":"https:\/\/www.sincomam.org.br\/index.php\/wp-json\/wp\/v2\/categories?post=29371"},{"taxonomy":"post_tag","embeddable":true,"href":"https:\/\/www.sincomam.org.br\/index.php\/wp-json\/wp\/v2\/tags?post=29371"}],"curies":[{"name":"wp","href":"https:\/\/api.w.org\/{rel}","templated":true}]}}