{"id":29349,"date":"2020-05-21T10:30:40","date_gmt":"2020-05-21T13:30:40","guid":{"rendered":"http:\/\/www.sincomam.org.br\/?p=29349"},"modified":"2020-05-21T10:30:40","modified_gmt":"2020-05-21T13:30:40","slug":"marinha-do-brasil-tem-novo-chefe-do-estado-maior-da-armada","status":"publish","type":"post","link":"https:\/\/www.sincomam.org.br\/index.php\/marinha-do-brasil-tem-novo-chefe-do-estado-maior-da-armada\/","title":{"rendered":"Marinha do Brasil tem novo Chefe do Estado-Maior da Armada"},"content":{"rendered":"<p><strong><em>(da esq. para dir.) Almirante de Esquadra Viveiros, Almirante de Esquadra Ilques e Almirante de Esquadra Nazareth, durante evento de transmiss\u00e3o de cargo<\/em><\/strong><\/p>\n<p>Em cerim\u00f4nia presidida pelo Comandante da Marinha, Almirante de Esquadra Ilques Barbosa Junior, em 15 de maio, o Almirante de Esquadra Celso Luiz Nazareth transmitiu a Chefia do Estado-Maior da Armada (CEMA) ao Almirante de Esquadra Cl\u00e1udio Portugal de Viveiros.<\/p>\n<p>Em seu discurso, o Almirante de Esquadra Nazareth agradeceu a todos aqueles com os quais compartilhou os \u00eaxitos alcan\u00e7ados e afirmou que quaisquer adversidades podem ser superadas quando se trabalha em equipe com profissionalismo, seriedade, amizade e camaradagem. \u201cOs momentos perpassados \u00e0 frente deste \u00d3rg\u00e3o de Dire\u00e7\u00e3o Geral foram intensos, marcados pelo privil\u00e9gio e orgulho de ter convivido com motivados e competentes marinheiros\u201d, destacou.<\/p>\n<p>O Almirante de Esquadra Viveiros reconheceu a potencial responsabilidade em assumir o cargo em um cen\u00e1rio inquietador para a humanidade. Mencionou que o pa\u00eds enfrenta um inimigo invis\u00edvel e que a mobiliza\u00e7\u00e3o entre todos os setores da Marinha demonstra a capacidade de reagir ao novo. \u201cO orgulho que esta postura institucional nos outorga igualmente nos assevera valores marinheiros que devem ser cultivados: lideran\u00e7a, abnega\u00e7\u00e3o, prontid\u00e3o e companheirismo\u201d, citou o CEMA.<\/p>\n<p>O Chefe do Estado-Maior da Armada espera contribuir para a continuidade das atividades de planejamento e execu\u00e7\u00e3o essenciais ao Poder Naval e Mar\u00edtimo e, para isso, conta com o apoio dos \u00d3rg\u00e3os de Dire\u00e7\u00e3o Setorial, na converg\u00eancia de esfor\u00e7os, criatividade e profissionalismo, a fim de assessorar o Comandante da Marinha.<\/p>\n<p>Fonte: Marinha do Brasil<\/p>\n","protected":false},"excerpt":{"rendered":"<p>(da esq. para dir.) Almirante de Esquadra Viveiros, Almirante de Esquadra Ilques e Almirante de Esquadra Nazareth, durante evento de transmiss\u00e3o de cargo Em cerim\u00f4nia&#8230;<\/p>\n","protected":false},"author":1182,"featured_media":29350,"comment_status":"closed","ping_status":"closed","sticky":false,"template":"","format":"standard","meta":{"footnotes":""},"categories":[6],"tags":[3038,2881,1019,1168,1013,2880],"class_list":["post-29349","post","type-post","status-publish","format-standard","has-post-thumbnail","hentry","category-noticias","tag-almirante-viveiros","tag-cargo","tag-cerimonia","tag-comandante","tag-marinha-do-brasil","tag-transmissao"],"_links":{"self":[{"href":"https:\/\/www.sincomam.org.br\/index.php\/wp-json\/wp\/v2\/posts\/29349","targetHints":{"allow":["GET"]}}],"collection":[{"href":"https:\/\/www.sincomam.org.br\/index.php\/wp-json\/wp\/v2\/posts"}],"about":[{"href":"https:\/\/www.sincomam.org.br\/index.php\/wp-json\/wp\/v2\/types\/post"}],"author":[{"embeddable":true,"href":"https:\/\/www.sincomam.org.br\/index.php\/wp-json\/wp\/v2\/users\/1182"}],"replies":[{"embeddable":true,"href":"https:\/\/www.sincomam.org.br\/index.php\/wp-json\/wp\/v2\/comments?post=29349"}],"version-history":[{"count":1,"href":"https:\/\/www.sincomam.org.br\/index.php\/wp-json\/wp\/v2\/posts\/29349\/revisions"}],"predecessor-version":[{"id":29351,"href":"https:\/\/www.sincomam.org.br\/index.php\/wp-json\/wp\/v2\/posts\/29349\/revisions\/29351"}],"wp:featuredmedia":[{"embeddable":true,"href":"https:\/\/www.sincomam.org.br\/index.php\/wp-json\/wp\/v2\/media\/29350"}],"wp:attachment":[{"href":"https:\/\/www.sincomam.org.br\/index.php\/wp-json\/wp\/v2\/media?parent=29349"}],"wp:term":[{"taxonomy":"category","embeddable":true,"href":"https:\/\/www.sincomam.org.br\/index.php\/wp-json\/wp\/v2\/categories?post=29349"},{"taxonomy":"post_tag","embeddable":true,"href":"https:\/\/www.sincomam.org.br\/index.php\/wp-json\/wp\/v2\/tags?post=29349"}],"curies":[{"name":"wp","href":"https:\/\/api.w.org\/{rel}","templated":true}]}}