{"id":29346,"date":"2020-05-21T10:24:42","date_gmt":"2020-05-21T13:24:42","guid":{"rendered":"http:\/\/www.sincomam.org.br\/?p=29346"},"modified":"2020-05-21T10:24:42","modified_gmt":"2020-05-21T13:24:42","slug":"estado-do-rio-registra-158-mortes-por-covid-19-em-24-horas","status":"publish","type":"post","link":"https:\/\/www.sincomam.org.br\/index.php\/estado-do-rio-registra-158-mortes-por-covid-19-em-24-horas\/","title":{"rendered":"Estado do Rio registra 158 mortes por covid-19 em 24 horas"},"content":{"rendered":"<p><strong><em>Nesse per\u00edodo, foram confirmados 2.567 casos da doen\u00e7a<\/em><\/strong><\/p>\n<p>O estado do Rio de Janeiro confirmou mais 2.567 casos e registrou 158 mortes por covid-19 nas \u00faltimas 24 horas. Com isso, chega a 30.372 o total de casos confirmados e a 3.237 o de \u00f3bitos. Os n\u00fameros foram divulgados nesta quarta-feira (20) pela Secretaria de Estado de Sa\u00fade (SES). H\u00e1 ainda 1.045 \u00f3bitos em investiga\u00e7\u00e3o e 25.397 pacientes se recuperaram da doen\u00e7a.<\/p>\n<p>A secretaria esclareceu que as mortes e confirma\u00e7\u00f5es da doen\u00e7a registradas no boletim n\u00e3o ocorreram nas \u00faltimas 24 horas, podendo ser casos que estavam represados nos laborat\u00f3rios, aguardando exames. Segundo a SES, nas \u00faltimas semanas, a capacidade de testagem do Laborat\u00f3rio Central Noel Nutels (Lacen) e de laborat\u00f3rios parceiros dobrou, passando de 900 para at\u00e9 1.800 amostras analisadas por dia.<\/p>\n<p>A capital continua com o maior n\u00famero de casos confirmados, com 17.066 infectados pelo coronav\u00edrus, ou 56,1% do total do estado. Entre os demais munic\u00edpios com maior n\u00famero de casos, aparecem Niter\u00f3i (1.968), Nova Igua\u00e7u (1.179), Duque de Caxias (1.161), S\u00e3o Gon\u00e7alo (857), S\u00e3o Jo\u00e3o de Meriti (606), Volta Redonda (545), Itabora\u00ed (528), Belford Roxo (498), Mesquita (410), Angra dos Reis (404), Queimados (384), Campos dos Goytacazes (372), Mag\u00e9 (350), Petr\u00f3polis (273), Nil\u00f3polis (244), Teres\u00f3polis (232), Cabo Frio (222) e Maric\u00e1 (200).<\/p>\n<p>O n\u00famero de \u00f3bitos pela doen\u00e7a tamb\u00e9m \u00e9 puxado pela capital, que registra 2.249 mortes, ou 69,4% do total do estado. Em seguida, entre os munic\u00edpios com maior n\u00famero de mortes, aparecem Duque de Caxias (155), Nova Igua\u00e7u (106), S\u00e3o Gon\u00e7alo (74), Niter\u00f3i (65), Belford Roxo (57), S\u00e3o Jo\u00e3o de Meriti (55), Itabora\u00ed (43), Mesquita (43), Mag\u00e9 (36), Nil\u00f3polis (27), Petr\u00f3polis (27), Itagua\u00ed (24), Volta Redonda (19), Angra dos Reis (18), Maric\u00e1 (17), Maca\u00e9 (16), Teres\u00f3polis (16), Campos dos Goytacazes (14) e Nova Friburgo (13).<\/p>\n<p>O estado do Rio tem-se alternado com o Cear\u00e1 na segunda posi\u00e7\u00e3o em n\u00famero de casos de covid-19 no pa\u00eds, atr\u00e1s apenas de S\u00e3o Paulo. Por isso, o governador Wilson Witzel prorrogou as medidas de isolamento at\u00e9 o dia 31 deste m\u00eas.<\/p>\n<p>Fonte: Ag\u00eancia Brasil<\/p>\n","protected":false},"excerpt":{"rendered":"<p>Nesse per\u00edodo, foram confirmados 2.567 casos da doen\u00e7a O estado do Rio de Janeiro confirmou mais 2.567 casos e registrou 158 mortes por covid-19 nas&#8230;<\/p>\n","protected":false},"author":1182,"featured_media":29347,"comment_status":"closed","ping_status":"closed","sticky":false,"template":"","format":"standard","meta":{"footnotes":""},"categories":[6],"tags":[2778,2800,2751,1476,1005,59],"class_list":["post-29346","post","type-post","status-publish","format-standard","has-post-thumbnail","hentry","category-noticias","tag-casos","tag-confirmados","tag-covid-19","tag-estado","tag-mortes","tag-rio-de-janeiro"],"_links":{"self":[{"href":"https:\/\/www.sincomam.org.br\/index.php\/wp-json\/wp\/v2\/posts\/29346","targetHints":{"allow":["GET"]}}],"collection":[{"href":"https:\/\/www.sincomam.org.br\/index.php\/wp-json\/wp\/v2\/posts"}],"about":[{"href":"https:\/\/www.sincomam.org.br\/index.php\/wp-json\/wp\/v2\/types\/post"}],"author":[{"embeddable":true,"href":"https:\/\/www.sincomam.org.br\/index.php\/wp-json\/wp\/v2\/users\/1182"}],"replies":[{"embeddable":true,"href":"https:\/\/www.sincomam.org.br\/index.php\/wp-json\/wp\/v2\/comments?post=29346"}],"version-history":[{"count":1,"href":"https:\/\/www.sincomam.org.br\/index.php\/wp-json\/wp\/v2\/posts\/29346\/revisions"}],"predecessor-version":[{"id":29348,"href":"https:\/\/www.sincomam.org.br\/index.php\/wp-json\/wp\/v2\/posts\/29346\/revisions\/29348"}],"wp:featuredmedia":[{"embeddable":true,"href":"https:\/\/www.sincomam.org.br\/index.php\/wp-json\/wp\/v2\/media\/29347"}],"wp:attachment":[{"href":"https:\/\/www.sincomam.org.br\/index.php\/wp-json\/wp\/v2\/media?parent=29346"}],"wp:term":[{"taxonomy":"category","embeddable":true,"href":"https:\/\/www.sincomam.org.br\/index.php\/wp-json\/wp\/v2\/categories?post=29346"},{"taxonomy":"post_tag","embeddable":true,"href":"https:\/\/www.sincomam.org.br\/index.php\/wp-json\/wp\/v2\/tags?post=29346"}],"curies":[{"name":"wp","href":"https:\/\/api.w.org\/{rel}","templated":true}]}}