{"id":29340,"date":"2020-05-21T10:03:02","date_gmt":"2020-05-21T13:03:02","guid":{"rendered":"http:\/\/www.sincomam.org.br\/?p=29340"},"modified":"2020-05-21T10:03:02","modified_gmt":"2020-05-21T13:03:02","slug":"comando-conjunto-rn-pb-realiza-desinfeccao-do-porto-de-cabedelo","status":"publish","type":"post","link":"https:\/\/www.sincomam.org.br\/index.php\/comando-conjunto-rn-pb-realiza-desinfeccao-do-porto-de-cabedelo\/","title":{"rendered":"Comando Conjunto RN-PB realiza desinfec\u00e7\u00e3o do Porto de Cabedelo"},"content":{"rendered":"<p><strong><em>Atividade foi realizada sem a concentra\u00e7\u00e3o de pessoas no terminal portu\u00e1rio<\/em><\/strong><\/p>\n<p>O Comando Conjunto Rio Grande do Norte e Para\u00edba informa que realizou a desinfec\u00e7\u00e3o dos Portos de Cabedelo (PB) e<span style=\"font-size: medium;\"><span lang=\"pt-BR\" xml:lang=\"pt-BR\">\u00a0Natal (<\/span><\/span><span style=\"font-size: medium;\"><span lang=\"pt-BR\" xml:lang=\"pt-BR\">RN), como uma a\u00e7\u00e3o de enfrentamento ao avan\u00e7o do coronav\u00edrus nas regi\u00f5es portu\u00e1rias.<\/span><\/span> Na ocasi\u00e3o, foram desinfectadas \u00e1reas, como recep\u00e7\u00e3o, pr\u00e9dio da administra\u00e7\u00e3o, escrit\u00f3rio da balan\u00e7a, cabine da seguran\u00e7a e o escrit\u00f3rio da Ag\u00eancia Nacional de Vigil\u00e2ncia Sanit\u00e1ria.<\/p>\n<p>Segundo informa\u00e7\u00f5es da Marinha, \u00a0o trabalho foi efetuado em hor\u00e1rio reservado, sem a concentra\u00e7\u00e3o de pessoas no local, facilitando a condu\u00e7\u00e3o da a\u00e7\u00e3o e a aplica\u00e7\u00e3o dos produtos qu\u00edmicos de forma segura.<\/p>\n<p>Na oportunidade, foram empregados militares habilitados para a desinfec\u00e7\u00e3o de ambientes, material e pessoal, em Est\u00e1gios de Capacita\u00e7\u00e3o ministrados pela Equipe de Resposta Nuclear, Biol\u00f3gica, Qu\u00edmica e Radiol\u00f3gica do Comando do 3\u00ba Distrito Naval.<\/p>\n<p>O Comando Conjunto Rio Grande do Norte e Para\u00edba, composto por militares da Marinha do Brasil, do Ex\u00e9rcito Brasileiro e da For\u00e7a A\u00e9rea Brasileira, \u00e9 um dos dez Comandos Conjuntos ativados, em mar\u00e7o, pelo Minist\u00e9rio da Defesa, no \u00e2mbito da Opera\u00e7\u00e3o \u201cCovid-19\u201d, no combate aos impactos do coronav\u00edrus no Brasil.<\/p>\n<p>Fonte: Marinha do Brasil<\/p>\n","protected":false},"excerpt":{"rendered":"<p>Atividade foi realizada sem a concentra\u00e7\u00e3o de pessoas no terminal portu\u00e1rio O Comando Conjunto Rio Grande do Norte e Para\u00edba informa que realizou a desinfec\u00e7\u00e3o&#8230;<\/p>\n","protected":false},"author":1182,"featured_media":29341,"comment_status":"closed","ping_status":"closed","sticky":false,"template":"","format":"standard","meta":{"footnotes":""},"categories":[6],"tags":[1598,3035,1444,2752,2751,2965,2843,331,80,307],"class_list":["post-29340","post","type-post","status-publish","format-standard","has-post-thumbnail","hentry","category-noticias","tag-cabedelo","tag-comabte","tag-comando","tag-coronavirus","tag-covid-19","tag-desinfeccao","tag-enfrentamento","tag-paraiba","tag-porto","tag-rio-grande-do-norte"],"_links":{"self":[{"href":"https:\/\/www.sincomam.org.br\/index.php\/wp-json\/wp\/v2\/posts\/29340","targetHints":{"allow":["GET"]}}],"collection":[{"href":"https:\/\/www.sincomam.org.br\/index.php\/wp-json\/wp\/v2\/posts"}],"about":[{"href":"https:\/\/www.sincomam.org.br\/index.php\/wp-json\/wp\/v2\/types\/post"}],"author":[{"embeddable":true,"href":"https:\/\/www.sincomam.org.br\/index.php\/wp-json\/wp\/v2\/users\/1182"}],"replies":[{"embeddable":true,"href":"https:\/\/www.sincomam.org.br\/index.php\/wp-json\/wp\/v2\/comments?post=29340"}],"version-history":[{"count":1,"href":"https:\/\/www.sincomam.org.br\/index.php\/wp-json\/wp\/v2\/posts\/29340\/revisions"}],"predecessor-version":[{"id":29342,"href":"https:\/\/www.sincomam.org.br\/index.php\/wp-json\/wp\/v2\/posts\/29340\/revisions\/29342"}],"wp:featuredmedia":[{"embeddable":true,"href":"https:\/\/www.sincomam.org.br\/index.php\/wp-json\/wp\/v2\/media\/29341"}],"wp:attachment":[{"href":"https:\/\/www.sincomam.org.br\/index.php\/wp-json\/wp\/v2\/media?parent=29340"}],"wp:term":[{"taxonomy":"category","embeddable":true,"href":"https:\/\/www.sincomam.org.br\/index.php\/wp-json\/wp\/v2\/categories?post=29340"},{"taxonomy":"post_tag","embeddable":true,"href":"https:\/\/www.sincomam.org.br\/index.php\/wp-json\/wp\/v2\/tags?post=29340"}],"curies":[{"name":"wp","href":"https:\/\/api.w.org\/{rel}","templated":true}]}}