{"id":29324,"date":"2020-05-20T12:12:45","date_gmt":"2020-05-20T15:12:45","guid":{"rendered":"http:\/\/www.sincomam.org.br\/?p=29324"},"modified":"2020-05-20T12:12:45","modified_gmt":"2020-05-20T15:12:45","slug":"inss-governo-antecipa-o-pagamento-do-13o-salario-em-2020","status":"publish","type":"post","link":"https:\/\/www.sincomam.org.br\/index.php\/inss-governo-antecipa-o-pagamento-do-13o-salario-em-2020\/","title":{"rendered":"INSS: governo antecipa o pagamento do 13\u00ba sal\u00e1rio em 2020"},"content":{"rendered":"<p><strong><em>Bonifica\u00e7\u00e3o natalina foi antecipada por causa da pandemia do coronav\u00edrus<\/em><\/strong><\/p>\n<p>O ministro da Economia, Paulo Guedes, anunciou a antecipa\u00e7\u00e3o da 1\u00aa parcela do 13\u00ba sal\u00e1rio de Aposentados e Pensionistas ajustando, portanto, o calend\u00e1rio de pagamento INSS (Instituto Nacional do Seguro Social) do sal\u00e1rio anual adicional. Com isso, a 2\u00aa parcela tamb\u00e9m ocorrer\u00e1 at\u00e9 o meio do ano.<\/p>\n<p><strong>As datas j\u00e1 confirmadas do primeiro e do segundo pagamentos s\u00e3o:<\/strong><\/p>\n<ul>\n<li>1\u00aa parcela do pagamento do 13\u00ba sal\u00e1rio INSS: 24 de abril e 8 de maio (j\u00e1 liberado);<\/li>\n<li>2\u00aa parcela do pagamento do 13\u00ba sal\u00e1rio INSS: 25 de maio e 5 de junho.<\/li>\n<\/ul>\n<p>O valor pago corresponde a 50% do valor do benef\u00edcio. Como boa parte dos segurados atuais recebem o valor do sal\u00e1rio m\u00ednimo de R$1.045, o valor ser\u00e1 de R$ 522,50. Os valores superiores ter\u00e3o incid\u00eancia do imposto de renda, conforme tabela vigente. Segundo o INSS, 35,6 milh\u00f5es de pessoas receber\u00e3o seus benef\u00edcios j\u00e1 em abril.<\/p>\n<p><strong>Quem tem direto a receber o 13\u00ba sal\u00e1rio INSS?<\/strong><\/p>\n<p>Como definido por lei, tem direito ao 13\u00ba quem, durante o ano recebeu:<\/p>\n<ul>\n<li>benef\u00edcio previdenci\u00e1rio de aposentadoria;<\/li>\n<li>pens\u00e3o por morte;<\/li>\n<li>aux\u00edlio-doen\u00e7a;<\/li>\n<li>aux\u00edlio-acidente; ou<\/li>\n<li>aux\u00edlio-reclus\u00e3o;<\/li>\n<li>sal\u00e1rio-maternidade.<\/li>\n<\/ul>\n<p>A regra n\u00e3o \u00e9 v\u00e1lida para quem recebe BPC\/LOAS (Benef\u00edcio de Presta\u00e7\u00e3o Continuada da Lei Org\u00e2nica da Assist\u00eancia Social) ou a Renda Mensal Vital\u00edcia (RMV).<\/p>\n","protected":false},"excerpt":{"rendered":"<p>Bonifica\u00e7\u00e3o natalina foi antecipada por causa da pandemia do coronav\u00edrus O ministro da Economia, Paulo Guedes, anunciou a antecipa\u00e7\u00e3o da 1\u00aa parcela do 13\u00ba sal\u00e1rio&#8230;<\/p>\n","protected":false},"author":1182,"featured_media":29325,"comment_status":"closed","ping_status":"closed","sticky":false,"template":"","format":"standard","meta":{"footnotes":""},"categories":[6],"tags":[3030,420,3031,1839,204,2902],"class_list":["post-29324","post","type-post","status-publish","format-standard","has-post-thumbnail","hentry","category-noticias","tag-13o-salario","tag-aposentados","tag-bonificacao","tag-inss","tag-pagamento","tag-pensionistas"],"_links":{"self":[{"href":"https:\/\/www.sincomam.org.br\/index.php\/wp-json\/wp\/v2\/posts\/29324","targetHints":{"allow":["GET"]}}],"collection":[{"href":"https:\/\/www.sincomam.org.br\/index.php\/wp-json\/wp\/v2\/posts"}],"about":[{"href":"https:\/\/www.sincomam.org.br\/index.php\/wp-json\/wp\/v2\/types\/post"}],"author":[{"embeddable":true,"href":"https:\/\/www.sincomam.org.br\/index.php\/wp-json\/wp\/v2\/users\/1182"}],"replies":[{"embeddable":true,"href":"https:\/\/www.sincomam.org.br\/index.php\/wp-json\/wp\/v2\/comments?post=29324"}],"version-history":[{"count":1,"href":"https:\/\/www.sincomam.org.br\/index.php\/wp-json\/wp\/v2\/posts\/29324\/revisions"}],"predecessor-version":[{"id":29326,"href":"https:\/\/www.sincomam.org.br\/index.php\/wp-json\/wp\/v2\/posts\/29324\/revisions\/29326"}],"wp:featuredmedia":[{"embeddable":true,"href":"https:\/\/www.sincomam.org.br\/index.php\/wp-json\/wp\/v2\/media\/29325"}],"wp:attachment":[{"href":"https:\/\/www.sincomam.org.br\/index.php\/wp-json\/wp\/v2\/media?parent=29324"}],"wp:term":[{"taxonomy":"category","embeddable":true,"href":"https:\/\/www.sincomam.org.br\/index.php\/wp-json\/wp\/v2\/categories?post=29324"},{"taxonomy":"post_tag","embeddable":true,"href":"https:\/\/www.sincomam.org.br\/index.php\/wp-json\/wp\/v2\/tags?post=29324"}],"curies":[{"name":"wp","href":"https:\/\/api.w.org\/{rel}","templated":true}]}}