{"id":29302,"date":"2020-05-20T09:43:24","date_gmt":"2020-05-20T12:43:24","guid":{"rendered":"http:\/\/www.sincomam.org.br\/?p=29302"},"modified":"2020-05-20T09:45:09","modified_gmt":"2020-05-20T12:45:09","slug":"cdrj-inaugura-centro-de-controle-operacional-no-porto-do-rio-de-janeiro","status":"publish","type":"post","link":"https:\/\/www.sincomam.org.br\/index.php\/cdrj-inaugura-centro-de-controle-operacional-no-porto-do-rio-de-janeiro\/","title":{"rendered":"CDRJ inaugura Centro de Controle Operacional no Porto do Rio de Janeiro"},"content":{"rendered":"<p><strong>Nova estrutura eleva os n\u00edveis de fiscaliza\u00e7\u00e3o e controle de opera\u00e7\u00f5es, de meio ambiente e de seguran\u00e7a do trabalho<\/strong><\/p>\n<p>A Companhia Docas do Rio de Janeiro (CDRJ) comunicou a inaugura\u00e7\u00e3o, nesta segunda-feira (18), do Centro de Controle Operacional (CCO) das Superintend\u00eancias de Gest\u00e3o Portu\u00e1ria do Rio de Janeiro (SUPRIO) e de Meio Ambiente e Seguran\u00e7a do Trabalho (SUPMAM).<\/p>\n<p>Segundo a CDRJ, o rec\u00e9m-criado CCO conta com um sistema de monitoramento com mais de 100 c\u00e2meras compartilhadas pelo Centro de Comando e Controle de Seguran\u00e7a Portu\u00e1ria (CCCSP) da Guarda Portu\u00e1ria, r\u00e1dios e sistemas de captura de imagem. A nova estrutura ser\u00e1 gerida por uma equipe multidisciplinar, com integrantes das Ger\u00eancias Operacionais, de Meio Ambiente e de Seguran\u00e7a do Trabalho do Porto do Rio de Janeiro, que atuar\u00e3o de forma integrada, otimizando a resposta \u00e0s inconformidades identificadas nessas \u00e1reas.<\/p>\n<p>Durante a inaugura\u00e7\u00e3o do CCO, o superintendente de Gest\u00e3o Portu\u00e1ria do Rio de Janeiro, Leandro Lima, enfatizou que essa a\u00e7\u00e3o conjunta das Superintend\u00eancias de Gest\u00e3o Portu\u00e1ria e de Meio Ambiente e Seguran\u00e7a do Trabalho contou com o apoio irrestrito das equipes de TI, Engenharia e Guarda Portu\u00e1ria.<\/p>\n<p><em>Com informa\u00e7\u00f5es da ASSCOM<\/em><\/p>\n","protected":false},"excerpt":{"rendered":"<p>Nova estrutura eleva os n\u00edveis de fiscaliza\u00e7\u00e3o e controle de opera\u00e7\u00f5es, de meio ambiente e de seguran\u00e7a do trabalho A Companhia Docas do Rio de&#8230;<\/p>\n","protected":false},"author":1182,"featured_media":29303,"comment_status":"closed","ping_status":"closed","sticky":false,"template":"","format":"standard","meta":{"footnotes":""},"categories":[6],"tags":[3019,93,3020,536,3021,80,59],"class_list":["post-29302","post","type-post","status-publish","format-standard","has-post-thumbnail","hentry","category-noticias","tag-cdrj","tag-centro","tag-controle","tag-inauguracao","tag-operacional","tag-porto","tag-rio-de-janeiro"],"_links":{"self":[{"href":"https:\/\/www.sincomam.org.br\/index.php\/wp-json\/wp\/v2\/posts\/29302","targetHints":{"allow":["GET"]}}],"collection":[{"href":"https:\/\/www.sincomam.org.br\/index.php\/wp-json\/wp\/v2\/posts"}],"about":[{"href":"https:\/\/www.sincomam.org.br\/index.php\/wp-json\/wp\/v2\/types\/post"}],"author":[{"embeddable":true,"href":"https:\/\/www.sincomam.org.br\/index.php\/wp-json\/wp\/v2\/users\/1182"}],"replies":[{"embeddable":true,"href":"https:\/\/www.sincomam.org.br\/index.php\/wp-json\/wp\/v2\/comments?post=29302"}],"version-history":[{"count":1,"href":"https:\/\/www.sincomam.org.br\/index.php\/wp-json\/wp\/v2\/posts\/29302\/revisions"}],"predecessor-version":[{"id":29304,"href":"https:\/\/www.sincomam.org.br\/index.php\/wp-json\/wp\/v2\/posts\/29302\/revisions\/29304"}],"wp:featuredmedia":[{"embeddable":true,"href":"https:\/\/www.sincomam.org.br\/index.php\/wp-json\/wp\/v2\/media\/29303"}],"wp:attachment":[{"href":"https:\/\/www.sincomam.org.br\/index.php\/wp-json\/wp\/v2\/media?parent=29302"}],"wp:term":[{"taxonomy":"category","embeddable":true,"href":"https:\/\/www.sincomam.org.br\/index.php\/wp-json\/wp\/v2\/categories?post=29302"},{"taxonomy":"post_tag","embeddable":true,"href":"https:\/\/www.sincomam.org.br\/index.php\/wp-json\/wp\/v2\/tags?post=29302"}],"curies":[{"name":"wp","href":"https:\/\/api.w.org\/{rel}","templated":true}]}}