{"id":29297,"date":"2020-05-19T13:59:22","date_gmt":"2020-05-19T16:59:22","guid":{"rendered":"http:\/\/www.sincomam.org.br\/?p=29297"},"modified":"2020-05-19T14:00:47","modified_gmt":"2020-05-19T17:00:47","slug":"camorim-servicos-maritimos-completa-25-anos-de-atuacao-no-mercado-brasileiro","status":"publish","type":"post","link":"https:\/\/www.sincomam.org.br\/index.php\/camorim-servicos-maritimos-completa-25-anos-de-atuacao-no-mercado-brasileiro\/","title":{"rendered":"Camorim Servi\u00e7os Mar\u00edtimos completa 25 anos de atua\u00e7\u00e3o no mercado brasileiro"},"content":{"rendered":"<p><strong><em>O SINCOMAM parabeniza a Camorim pelos seus servi\u00e7os prestados em todo o pa\u00eds ao decorrer desses 25 anos de atividades<\/em><\/strong><\/p>\n<p>A Camorim Servi\u00e7os Mar\u00edtimos completa 25 anos de opera\u00e7\u00e3o no mercado, com destaque nos segmentos de apoio portu\u00e1rio e apoio mar\u00edtimo com abrang\u00eancia nacional. Criada em 1995, a empresa come\u00e7ou sua trajet\u00f3ria com apenas 2 rebocadores afretados e 8 funcion\u00e1rios. Hoje, a companhia opera com um total de 51 rebocadores de at\u00e9 70 toneladas e 24 balsas de carga.<\/p>\n<p>O Grupo Camorim conta com quatro divis\u00f5es de opera\u00e7\u00f5es, mais de 800 funcion\u00e1rios e uma frota que ultrapassa 150 embarca\u00e7\u00f5es, entre rebocadores, balsas, lanchas, LHs, PSVs e AHTs.<\/p>\n<p>Durante entrevista realizada pela revista SINCOMAM, o Presidente e Fundador da Camorim Servi\u00e7os Mar\u00edtimos, Carlos Renato Penna de Carvalho, falou sobre a hist\u00f3ria de conquistas da empresa e os desafios do mercado de trabalho na atualidade.<\/p>\n<p><strong>Clique aqui e leia a mat\u00e9ria na \u00edntegra: <\/strong><a href=\"https:\/\/www.sincomam.org.br\/index.php\/grupo-camorim-projeta-novos-negocios-em-2020\/\" target=\"_blank\" rel=\"noopener noreferrer\"><strong>Grupo Camorim atua nos principais portos do Brasil<\/strong><\/a><\/p>\n<p><strong>Acesse as <a href=\"https:\/\/www.sincomam.org.br\/index.php\/revistas-sincomam\/\" target=\"_blank\" rel=\"noopener noreferrer\">Revistas SINCOMAM<\/a> e fique bem informado!<\/strong><\/p>\n","protected":false},"excerpt":{"rendered":"<p>O SINCOMAM parabeniza a Camorim pelos seus servi\u00e7os prestados em todo o pa\u00eds ao decorrer desses 25 anos de atividades A Camorim Servi\u00e7os Mar\u00edtimos completa&#8230;<\/p>\n","protected":false},"author":1182,"featured_media":29299,"comment_status":"closed","ping_status":"closed","sticky":false,"template":"","format":"standard","meta":{"footnotes":""},"categories":[6],"tags":[3017,61,1693,3018,3016,1423,2324,314,1772,862,17],"class_list":["post-29297","post","type-post","status-publish","format-standard","has-post-thumbnail","hentry","category-noticias","tag-25-anos","tag-brasil","tag-camorim","tag-carlinhos","tag-completa","tag-entrevista","tag-maritimos","tag-presidente","tag-revista","tag-servicos","tag-sincomam"],"_links":{"self":[{"href":"https:\/\/www.sincomam.org.br\/index.php\/wp-json\/wp\/v2\/posts\/29297","targetHints":{"allow":["GET"]}}],"collection":[{"href":"https:\/\/www.sincomam.org.br\/index.php\/wp-json\/wp\/v2\/posts"}],"about":[{"href":"https:\/\/www.sincomam.org.br\/index.php\/wp-json\/wp\/v2\/types\/post"}],"author":[{"embeddable":true,"href":"https:\/\/www.sincomam.org.br\/index.php\/wp-json\/wp\/v2\/users\/1182"}],"replies":[{"embeddable":true,"href":"https:\/\/www.sincomam.org.br\/index.php\/wp-json\/wp\/v2\/comments?post=29297"}],"version-history":[{"count":2,"href":"https:\/\/www.sincomam.org.br\/index.php\/wp-json\/wp\/v2\/posts\/29297\/revisions"}],"predecessor-version":[{"id":29301,"href":"https:\/\/www.sincomam.org.br\/index.php\/wp-json\/wp\/v2\/posts\/29297\/revisions\/29301"}],"wp:featuredmedia":[{"embeddable":true,"href":"https:\/\/www.sincomam.org.br\/index.php\/wp-json\/wp\/v2\/media\/29299"}],"wp:attachment":[{"href":"https:\/\/www.sincomam.org.br\/index.php\/wp-json\/wp\/v2\/media?parent=29297"}],"wp:term":[{"taxonomy":"category","embeddable":true,"href":"https:\/\/www.sincomam.org.br\/index.php\/wp-json\/wp\/v2\/categories?post=29297"},{"taxonomy":"post_tag","embeddable":true,"href":"https:\/\/www.sincomam.org.br\/index.php\/wp-json\/wp\/v2\/tags?post=29297"}],"curies":[{"name":"wp","href":"https:\/\/api.w.org\/{rel}","templated":true}]}}