{"id":29295,"date":"2020-05-19T13:43:56","date_gmt":"2020-05-19T16:43:56","guid":{"rendered":"http:\/\/www.sincomam.org.br\/?p=29295"},"modified":"2020-05-19T13:43:56","modified_gmt":"2020-05-19T16:43:56","slug":"cidade-de-sao-paulo-tera-feriado-prolongado-antecipado","status":"publish","type":"post","link":"https:\/\/www.sincomam.org.br\/index.php\/cidade-de-sao-paulo-tera-feriado-prolongado-antecipado\/","title":{"rendered":"Cidade de S\u00e3o Paulo ter\u00e1 feriado prolongado antecipado"},"content":{"rendered":"<p><strong><em>Medida antecipa feriados de Corpus Christi e Consci\u00eancia Negra com objetivo de aumentar isolamento social na capital por causa do Covid-19<\/em><\/strong><\/p>\n<p>O prefeito de S\u00e3o Paulo, Bruno Covas, sancionou o projeto de lei que permite a antecipa\u00e7\u00e3o de feriados municipais na cidade de S\u00e3o Paulo. O decreto foi publicado no Di\u00e1rio Oficial nesta ter\u00e7a-feira (19).<\/p>\n<p>O objetivo da proposta enviada pelo prefeito \u00e9 aumentar o isolamento social por meio de um feriado prolongado nesta semana, que abrange os feriados de Corpus Christi (11 de junho) e da Consci\u00eancia Negra (20 de novembro), os quais ser\u00e3o antecipados para esta quarta (20) e quinta (21). Na sexta-feira (22), ser\u00e1 declarado ponto facultativo na cidade.<\/p>\n<p>O governador Jo\u00e3o Doria (PSDB) tamb\u00e9m encaminhou \u00e0 Assembleia Legislativa de S\u00e3o Paulo um projeto de lei para a antecipa\u00e7\u00e3o do feriado do dia 9 de Julho (Dia da Revolu\u00e7\u00e3o Constitucionalista) para 25 de maio.<\/p>\n<p><strong>Jundia\u00ed n\u00e3o adotar\u00e1 feriados<\/strong><\/p>\n<p>O prefeito de Jundia\u00ed, Luiz Fernando Machado, divulgou um v\u00eddeo no youtube explicando os motivos de n\u00e3o adotar a antecipa\u00e7\u00e3o de feriados no munic\u00edpio. Segundo o prefeito, a realidade de Jundia\u00ed \u00e9 diferente da capital S\u00e3o Paulo.<\/p>\n<p>\u201cEssa tem um impacto significativo nos servi\u00e7os essenciais, como da sa\u00fade, prestados pela prefeitura \u00e0 nossa popula\u00e7\u00e3o. Tamb\u00e9m o impacto para as ind\u00fastrias que funcionam para o abastecimento, muitas vezes, de produtos hospitalares e aliment\u00edcios, para todo o Brasil\u201d, declarou em v\u00eddeo exibido nas redes sociais o prefeito Luiz Fernando.<\/p>\n<p>Assista o v\u00eddeo na \u00edntegra:<a href=\"https:\/\/www.youtube.com\/watch?v=Msh18n1vQRI&amp;feature=youtu.be\"> https:\/\/youtu.be\/Msh18n1vQRI<\/a><\/p>\n<p>&nbsp;<\/p>\n<p>&nbsp;<\/p>\n","protected":false},"excerpt":{"rendered":"<p>Medida antecipa feriados de Corpus Christi e Consci\u00eancia Negra com objetivo de aumentar isolamento social na capital por causa do Covid-19 O prefeito de S\u00e3o&#8230;<\/p>\n","protected":false},"author":1182,"featured_media":9985,"comment_status":"closed","ping_status":"closed","sticky":false,"template":"","format":"standard","meta":{"footnotes":""},"categories":[6],"tags":[3013,964,3015,3014,3012,366],"class_list":["post-29295","post","type-post","status-publish","format-standard","has-post-thumbnail","hentry","category-noticias","tag-antecipado","tag-feriado","tag-jundiai","tag-prefeito","tag-prolongado","tag-sao-paulo"],"_links":{"self":[{"href":"https:\/\/www.sincomam.org.br\/index.php\/wp-json\/wp\/v2\/posts\/29295","targetHints":{"allow":["GET"]}}],"collection":[{"href":"https:\/\/www.sincomam.org.br\/index.php\/wp-json\/wp\/v2\/posts"}],"about":[{"href":"https:\/\/www.sincomam.org.br\/index.php\/wp-json\/wp\/v2\/types\/post"}],"author":[{"embeddable":true,"href":"https:\/\/www.sincomam.org.br\/index.php\/wp-json\/wp\/v2\/users\/1182"}],"replies":[{"embeddable":true,"href":"https:\/\/www.sincomam.org.br\/index.php\/wp-json\/wp\/v2\/comments?post=29295"}],"version-history":[{"count":1,"href":"https:\/\/www.sincomam.org.br\/index.php\/wp-json\/wp\/v2\/posts\/29295\/revisions"}],"predecessor-version":[{"id":29296,"href":"https:\/\/www.sincomam.org.br\/index.php\/wp-json\/wp\/v2\/posts\/29295\/revisions\/29296"}],"wp:featuredmedia":[{"embeddable":true,"href":"https:\/\/www.sincomam.org.br\/index.php\/wp-json\/wp\/v2\/media\/9985"}],"wp:attachment":[{"href":"https:\/\/www.sincomam.org.br\/index.php\/wp-json\/wp\/v2\/media?parent=29295"}],"wp:term":[{"taxonomy":"category","embeddable":true,"href":"https:\/\/www.sincomam.org.br\/index.php\/wp-json\/wp\/v2\/categories?post=29295"},{"taxonomy":"post_tag","embeddable":true,"href":"https:\/\/www.sincomam.org.br\/index.php\/wp-json\/wp\/v2\/tags?post=29295"}],"curies":[{"name":"wp","href":"https:\/\/api.w.org\/{rel}","templated":true}]}}